{"id":10185,"date":"2014-05-05T13:04:14","date_gmt":"2014-05-05T10:04:14","guid":{"rendered":"http:\/\/vanha.viitasaarenseutu.fi\/\/?p=10185"},"modified":"2015-08-10T10:57:28","modified_gmt":"2015-08-10T07:57:28","slug":"viipyylaiset-starttasivat-pyorailyn-kesakauteen","status":"publish","type":"post","link":"https:\/\/www.kuntsi.net\/viipyy\/viipyylaiset-starttasivat-pyorailyn-kesakauteen\/","title":{"rendered":"Viipyyl\u00e4iset starttasivat py\u00f6r\u00e4ilyn kes\u00e4kauteen"},"content":{"rendered":"<p>Valtakunnallisen <a href=\"http:\/\/www.kilometrikisa.fi\/\">Kilometrikisan<\/a> my\u00f6t\u00e4 viitasaarelaispy\u00f6r\u00e4ilij\u00e4t starttasivat rytin\u00e4ll\u00e4 py\u00f6r\u00e4ilyn kes\u00e4kauteen. Vapunp\u00e4iv\u00e4n\u00e4 starttasi sek\u00e4 kisa, ett\u00e4 porukkalenkit Viitasaaren torilta. Seitsem\u00e4n py\u00f6r\u00e4ilij\u00e4\u00e4 k\u00e4vi vaihtelevassa s\u00e4\u00e4ss\u00e4 ajelemassa Huopanankosken suunnalla. Tarjolla oli niin auringonpaistetta, kuin r\u00e4nt\u00e4sadettakin. Mutta pikku vihmominen ei rennonletke\u00e4\u00e4 py\u00f6r\u00e4ilyporukkaa haitannut.<\/p>\n<div id=\"attachment_10302\" style=\"width: 610px\" class=\"wp-caption aligncenter\"><a href=\"http:\/\/www.kuntsi.net\/viipyy\/wp-content\/uploads\/2014\/05\/km_kisa_startti_02.png\"><img loading=\"lazy\" decoding=\"async\" aria-describedby=\"caption-attachment-10302\" class=\"size-kokolevea wp-image-10302\" src=\"http:\/\/www.kuntsi.net\/viipyy\/wp-content\/uploads\/2014\/05\/km_kisa_startti_02-600x387.png\" alt=\"Porukkalenkki l\u00e4hd\u00f6ss\u00e4 kohti Huopanankoskea (Kuva: Juha Toikkanen 2014)\" width=\"600\" height=\"387\" \/><\/a><p id=\"caption-attachment-10302\" class=\"wp-caption-text\">Porukkalenkki l\u00e4hd\u00f6ss\u00e4 kohti Huopanankoskea (Kuva: Juha Toikkanen 2014)<\/p><\/div>\n<p><img loading=\"lazy\" decoding=\"async\" class=\"alignright size-kokolevea wp-image-10301\" src=\"http:\/\/www.kuntsi.net\/viipyy\/wp-content\/uploads\/2014\/05\/km_kisa_startti_01-316x400.png\" alt=\"km_kisa_startti_01\" width=\"316\" height=\"400\" \/>Kilometrikisan starttiviikon sunnuntai-iltaan menness\u00e4 Viipyy &#8211; Team Viitsaaari joukkueeseen oli ilmottautunut 16 py\u00f6r\u00e4ilij\u00e4\u00e4, joista 11 oli jo aloittanut kilometrien polkemisen. Ensimm\u00e4isen viikon saldoksi joukkueelle kasaantui 800,2 kilometri\u00e4. Ensimm\u00e4isen kisap\u00e4iv\u00e4n porukkalenkki oli sen verran vakuuttava, ett\u00e4 hetken aikaa joukkue piti piensarjan piikkipaikkaa hallussaan ja pitk\u00e4\u00e4n senkin j\u00e4lkeen pysytteli kymppisakin tuntumassa. Mutta kun viimevuosien kisahirmut saivat koneensa k\u00e4yntiin ja viikonlopun py\u00f6r\u00e4ilyt alkoivat muillakin joukkueilla kirjaantumaan, asettui viitasaarelaisjoukkueen sijoitus pyk\u00e4l\u00e4\u00e4n 77.<\/p>\n<p>Kilometrikisa on joukkueen osalta startannut hienosti. Kilometrej\u00e4 alkoi kertym\u00e4\u00e4n viikonlopun r\u00e4nt\u00e4sateista huolimatta. Vaikka kisa onkin jo startannut, niin\u00a0mukaan p\u00e4\u00e4see edelleen. Ilmottautuminen onnistuu koko kisan ajan ja kaikki toukokuun 1. p\u00e4iv\u00e4st\u00e4 l\u00e4htien ajetut kilometrit lasketaan mukaan. Kisakalenteriin voi merkit\u00e4 ajetut kilometrit my\u00f6s takautuvasti! Jos fillarointi kuuluu harrastusvalikoimaasi (arki, huvi, ty\u00f6matka, kuntoilu), niin yhteytt\u00e4 vain allekirjoittaneeseen<\/p>\n<p>Lis\u00e4tietoa:<\/p>\n<p>Viipyy &#8211; Viitasaaren py\u00f6r\u00e4ily-yhteis\u00f6 &#8211; <a href=\"http:\/\/www.kuntsi.net\/viipyy\/\">kotisivut<\/a><br \/>\nKilometrikisa &#8211; <a href=\"https:\/\/www.kilometrikisa.fi\/\">kotisivut<\/a><\/p>\n","protected":false},"excerpt":{"rendered":"<p>Valtakunnallisen Kilometrikisan my\u00f6t\u00e4 viitasaarelaispy\u00f6r\u00e4ilij\u00e4t starttasivat rytin\u00e4ll\u00e4 py\u00f6r\u00e4ilyn kes\u00e4kauteen. Vapunp\u00e4iv\u00e4n\u00e4 starttasi sek\u00e4 kisa, ett\u00e4 porukkalenkit Viitasaaren torilta. Seitsem\u00e4n py\u00f6r\u00e4ilij\u00e4\u00e4 k\u00e4vi vaihtelevassa s\u00e4\u00e4ss\u00e4 ajelemassa Huopanankosken suunnalla. Tarjolla oli niin auringonpaistetta, kuin r\u00e4nt\u00e4sadettakin. Mutta pikku vihmominen ei rennonletke\u00e4\u00e4 py\u00f6r\u00e4ilyporukkaa haitannut. Kilometrikisan starttiviikon sunnuntai-iltaan &hellip; <a href=\"https:\/\/www.kuntsi.net\/viipyy\/viipyylaiset-starttasivat-pyorailyn-kesakauteen\/\">Lue loppuun <span class=\"meta-nav\">&rarr;<\/span><\/a><\/p>\n","protected":false},"author":1,"featured_media":15764,"comment_status":"open","ping_status":"open","sticky":false,"template":"","format":"standard","meta":{"footnotes":""},"categories":[60],"tags":[64,17,10,24,44,63],"class_list":["post-10185","post","type-post","status-publish","format-standard","has-post-thumbnail","hentry","category-uutiset","tag-huopanankoski","tag-kilometrikisa-2","tag-porukkalenkit","tag-pyoraily","tag-tulokset-2","tag-viipyy-team-viitasaari"],"_links":{"self":[{"href":"https:\/\/www.kuntsi.net\/viipyy\/wp-json\/wp\/v2\/posts\/10185","targetHints":{"allow":["GET"]}}],"collection":[{"href":"https:\/\/www.kuntsi.net\/viipyy\/wp-json\/wp\/v2\/posts"}],"about":[{"href":"https:\/\/www.kuntsi.net\/viipyy\/wp-json\/wp\/v2\/types\/post"}],"author":[{"embeddable":true,"href":"https:\/\/www.kuntsi.net\/viipyy\/wp-json\/wp\/v2\/users\/1"}],"replies":[{"embeddable":true,"href":"https:\/\/www.kuntsi.net\/viipyy\/wp-json\/wp\/v2\/comments?post=10185"}],"version-history":[{"count":2,"href":"https:\/\/www.kuntsi.net\/viipyy\/wp-json\/wp\/v2\/posts\/10185\/revisions"}],"predecessor-version":[{"id":15765,"href":"https:\/\/www.kuntsi.net\/viipyy\/wp-json\/wp\/v2\/posts\/10185\/revisions\/15765"}],"wp:featuredmedia":[{"embeddable":true,"href":"https:\/\/www.kuntsi.net\/viipyy\/wp-json\/wp\/v2\/media\/15764"}],"wp:attachment":[{"href":"https:\/\/www.kuntsi.net\/viipyy\/wp-json\/wp\/v2\/media?parent=10185"}],"wp:term":[{"taxonomy":"category","embeddable":true,"href":"https:\/\/www.kuntsi.net\/viipyy\/wp-json\/wp\/v2\/categories?post=10185"},{"taxonomy":"post_tag","embeddable":true,"href":"https:\/\/www.kuntsi.net\/viipyy\/wp-json\/wp\/v2\/tags?post=10185"}],"curies":[{"name":"wp","href":"https:\/\/api.w.org\/{rel}","templated":true}]}}