{"id":1220,"date":"2015-04-23T16:11:51","date_gmt":"2015-04-23T13:11:51","guid":{"rendered":"http:\/\/www.kuntsi.net\/viipyy\/?p=1220"},"modified":"2015-08-10T10:49:19","modified_gmt":"2015-08-10T07:49:19","slug":"telupalaveri","status":"publish","type":"post","link":"https:\/\/www.kuntsi.net\/viipyy\/telupalaveri\/","title":{"rendered":"Kilometrikisa 2015 starttaa 1.5.2015"},"content":{"rendered":"<p><img loading=\"lazy\" decoding=\"async\" class=\"alignright size-full wp-image-1221\" src=\"http:\/\/www.kuntsi.net\/viipyy\/wp-content\/uploads\/2015\/04\/kilometrikisa-2015-logo.png\" alt=\"\" width=\"347\" height=\"205\" srcset=\"https:\/\/www.kuntsi.net\/viipyy\/wp-content\/uploads\/2015\/04\/kilometrikisa-2015-logo.png 347w, https:\/\/www.kuntsi.net\/viipyy\/wp-content\/uploads\/2015\/04\/kilometrikisa-2015-logo-300x177.png 300w\" sizes=\"auto, (max-width: 347px) 100vw, 347px\" \/>Kes\u00e4n kuntopy\u00f6r\u00e4ilij\u00f6iden kisakausi starttaa perinteisesti vappuna 1.5. kun valtakunnallinen <a href=\"https:\/\/www.kilometrikisa.fi\/\">Kilometrikisa<\/a> k\u00e4ynnistyy. Viitasaaren py\u00f6r\u00e4ily-yhteis\u00f6 on j\u00e4lleen mukana ja kisan p\u00e4\u00e4tavoitteeksi on asetettu rikkoa maaginen 25 py\u00f6r\u00e4ilij\u00e4n raja. Vuonna 2013 ja 2014 tuon m\u00e4\u00e4r\u00e4n l\u00e4helle p\u00e4\u00e4stiin, mutta ei aivan ylitse. 25 py\u00f6r\u00e4ilij\u00e4\u00e4 tarkoittaa kisassa hypp\u00e4\u00e4mist\u00e4 niin sanotun suursarjan puolelle.<\/p>\n<p>Muutoin menn\u00e4\u00e4n tutuksi havaitun kaavan mukaan. \u00a0 Eli kaikki v\u00e4h\u00e4nk\u00e4\u00e4n py\u00f6r\u00e4ilyst\u00e4 kiinnostuneet eikun mukaan vaan. Ei ole v\u00e4li\u00e4 oletko himokuntoilija, ty\u00f6matkapy\u00f6r\u00e4ilij\u00e4 tai onko fillari kauppakassina. Ei ole v\u00e4li\u00e4 ajatko viisi kilometri\u00e4 viikossa, 50 p\u00e4iv\u00e4ss\u00e4 tai vai silloint\u00e4ll\u00f6in. P\u00e4\u00e4asia ett\u00e4 olet mukana. Viipyy j\u00e4rjest\u00e4\u00e4 silloint\u00e4ll\u00f6in my\u00f6s vapaamuotoisia fillarireissuja ymp\u00e4ri kyl\u00e4\u00e4 joten jos arveluttaa touhu niin k\u00e4y noilla lenkeill\u00e4 haistelemassa ensin mik\u00e4 on porukalla meininki. Veikkaan ett\u00e4 koukkuun j\u00e4\u00e4t! Kumpikaan osallistumisista ei ole toisiaan poissulkeva. Viipyyn lenkeille voit osallistua olematta mukana kilometrikisassa ja p\u00e4invastoin.<\/p>\n<p>Lis\u00e4tietoja asiasta l\u00f6ytyy ymp\u00e4ri Internetti\u00e4<\/p>\n<p><a href=\"https:\/\/www.kilometrikisa.fi\/\">www.kilometrikisa.fi<\/a> &#8211; Kilometrikisan viralliset sivut<br \/>\n<a href=\"http:\/\/www.kuntsi.net\/viipyy\/kilometrikisa\/mika-on-kilometrikisa\/\">www.kuntsi.net\/viipyy\/kilometrikisa\/mika-on-kilometrikisa\/<\/a>\u00a0&#8211; Viipyyn sivujen oma tietopankki Kilometrikisasta<br \/>\n<a href=\"https:\/\/www.facebook.com\/groups\/viipyy\/\">Viipyy &#8211; Viitasaaren py\u00f6r\u00e4ily-yhteis\u00f6<\/a> &#8211; Viipyy Facebookissa &#8211; jos fillarointi v\u00e4h\u00e4nk\u00e4\u00e4n kiinnostaa Viitasaarella niin pyyd\u00e4 p\u00e4\u00e4st\u00e4 mukaan!<\/p>\n<p>Lis\u00e4tietoja kisasta l\u00f6ytyy t\u00e4m\u00e4n sivuston &#8221;Kilometrikisa&#8221;-valikon alta, allekirjoittaneelta ja luonnollisesti muiltakin Viipyyl\u00e4isilt\u00e4!<\/p>\n<p>Tervetuloa kiristelem\u00e4\u00e4n ketjuja!<\/p>\n<p>Terveisin: Petri Kuntsi &#8211; Viipyy &#8211; Team Viitasaari joukkueen kapteeni (petri@kuntsi.net)<\/p>\n","protected":false},"excerpt":{"rendered":"<p>Kes\u00e4n kuntopy\u00f6r\u00e4ilij\u00f6iden kisakausi starttaa perinteisesti vappuna 1.5. kun valtakunnallinen Kilometrikisa k\u00e4ynnistyy. Viitasaaren py\u00f6r\u00e4ily-yhteis\u00f6 on j\u00e4lleen mukana ja kisan p\u00e4\u00e4tavoitteeksi on asetettu rikkoa maaginen 25 py\u00f6r\u00e4ilij\u00e4n raja. Vuonna 2013 ja 2014 tuon m\u00e4\u00e4r\u00e4n l\u00e4helle p\u00e4\u00e4stiin, mutta ei aivan ylitse. 25 py\u00f6r\u00e4ilij\u00e4\u00e4 &hellip; <a href=\"https:\/\/www.kuntsi.net\/viipyy\/telupalaveri\/\">Lue loppuun <span class=\"meta-nav\">&rarr;<\/span><\/a><\/p>\n","protected":false},"author":1,"featured_media":1221,"comment_status":"open","ping_status":"open","sticky":false,"template":"","format":"standard","meta":{"footnotes":""},"categories":[60],"tags":[17],"class_list":["post-1220","post","type-post","status-publish","format-standard","has-post-thumbnail","hentry","category-uutiset","tag-kilometrikisa-2"],"_links":{"self":[{"href":"https:\/\/www.kuntsi.net\/viipyy\/wp-json\/wp\/v2\/posts\/1220","targetHints":{"allow":["GET"]}}],"collection":[{"href":"https:\/\/www.kuntsi.net\/viipyy\/wp-json\/wp\/v2\/posts"}],"about":[{"href":"https:\/\/www.kuntsi.net\/viipyy\/wp-json\/wp\/v2\/types\/post"}],"author":[{"embeddable":true,"href":"https:\/\/www.kuntsi.net\/viipyy\/wp-json\/wp\/v2\/users\/1"}],"replies":[{"embeddable":true,"href":"https:\/\/www.kuntsi.net\/viipyy\/wp-json\/wp\/v2\/comments?post=1220"}],"version-history":[{"count":2,"href":"https:\/\/www.kuntsi.net\/viipyy\/wp-json\/wp\/v2\/posts\/1220\/revisions"}],"predecessor-version":[{"id":1223,"href":"https:\/\/www.kuntsi.net\/viipyy\/wp-json\/wp\/v2\/posts\/1220\/revisions\/1223"}],"wp:featuredmedia":[{"embeddable":true,"href":"https:\/\/www.kuntsi.net\/viipyy\/wp-json\/wp\/v2\/media\/1221"}],"wp:attachment":[{"href":"https:\/\/www.kuntsi.net\/viipyy\/wp-json\/wp\/v2\/media?parent=1220"}],"wp:term":[{"taxonomy":"category","embeddable":true,"href":"https:\/\/www.kuntsi.net\/viipyy\/wp-json\/wp\/v2\/categories?post=1220"},{"taxonomy":"post_tag","embeddable":true,"href":"https:\/\/www.kuntsi.net\/viipyy\/wp-json\/wp\/v2\/tags?post=1220"}],"curies":[{"name":"wp","href":"https:\/\/api.w.org\/{rel}","templated":true}]}}