{"id":12981,"date":"2014-09-22T11:56:41","date_gmt":"2014-09-22T08:56:41","guid":{"rendered":"http:\/\/vanha.viitasaarenseutu.fi\/\/?p=12981"},"modified":"2015-08-10T10:53:53","modified_gmt":"2015-08-10T07:53:53","slug":"pyorailijat-kilpailukauden-paatoslenkilla","status":"publish","type":"post","link":"https:\/\/www.kuntsi.net\/viipyy\/pyorailijat-kilpailukauden-paatoslenkilla\/","title":{"rendered":"Py\u00f6r\u00e4ilij\u00e4t kilpailukauden p\u00e4\u00e4t\u00f6slenkill\u00e4"},"content":{"rendered":"<div id=\"attachment_12985\" style=\"width: 310px\" class=\"wp-caption alignright\"><a href=\"http:\/\/www.kuntsi.net\/viipyy\/wp-content\/uploads\/2014\/09\/paatoslenkki_2014_01.jpg\"><img loading=\"lazy\" decoding=\"async\" aria-describedby=\"caption-attachment-12985\" class=\"size-medium wp-image-12985\" src=\"http:\/\/www.kuntsi.net\/viipyy\/wp-content\/uploads\/2014\/09\/paatoslenkki_2014_01-300x191.jpg\" alt=\"Nelostiell\u00e4 matkalla kohti Taimonieme\u00e4 (kuva: Markku Vihava 2014)\" width=\"300\" height=\"191\" \/><\/a><p id=\"caption-attachment-12985\" class=\"wp-caption-text\">Nelostiell\u00e4 matkalla kohti Taimonieme\u00e4 (kuva: Markku Vihava 2014)<\/p><\/div>\n<p>Viitasaaren py\u00f6r\u00e4ily-yhteis\u00f6n joukkueen kes\u00e4n kest\u00e4nyt kilpailuhenkinen py\u00f6r\u00e4ilyurakka alkaa olla loppusilausta vaille valmis. Toukokuun 1. p\u00e4iv\u00e4 startannut valtakunnallinen py\u00f6r\u00e4ilyn <a href=\"https:\/\/www.kilometrikisa.fi\">Kilometrikisa<\/a>, kokosi j\u00e4lleen pari tuhatta joukkuetta ja miltei 30 000 py\u00f6r\u00e4ilij\u00e4\u00e4 ker\u00e4\u00e4m\u00e4\u00e4n kilometrej\u00e4 joukkueilleen. Vajaan viiden kuukauden ajelut saavat p\u00e4\u00e4t\u00f6ksens\u00e4 maanantaina 22.9. (<a href=\"http:\/\/www.liikkujanviikko.fi\/\">Liikkujan viikon<\/a> autoton p\u00e4iv\u00e4), jonka j\u00e4lkeen saadaan joukkueet lopulliseen j\u00e4rjestykseen. Viitasaaren py\u00f6r\u00e4ily-yhteis\u00f6n joukkue oli kisassa toista kes\u00e4\u00e4 mukana ja pikkuhiljaa kilpailun ja py\u00f6r\u00e4lenkkien my\u00f6t\u00e4 alkaa muodostumaan my\u00f6s perinteit\u00e4 itse kisan rinnalle. Sellaiseksi on asetumassa kilpailun p\u00e4\u00e4t\u00f6sp\u00e4iv\u00e4n l\u00e4heisyydess\u00e4 ajetteva &#8221;Kisakauden p\u00e4\u00e4t\u00f6slenkki&#8221; joka viime vuonna\u00a0suuntautui Kellankosken tulipaikalle makkaranpaistoon. Paikka on upea ja sopivan matkan p\u00e4\u00e4ss\u00e4, joten py\u00f6r\u00e4ilyporukka p\u00e4\u00e4tti tehd\u00e4 retkest\u00e4 perinteen ja kisan 2014 p\u00e4\u00e4tteeksi etupy\u00f6r\u00e4t suunnattiin j\u00e4lleen kohti Kellankoskea.<\/p>\n<div id=\"attachment_12986\" style=\"width: 310px\" class=\"wp-caption alignright\"><a href=\"http:\/\/www.kuntsi.net\/viipyy\/wp-content\/uploads\/2014\/09\/paatoslenkki_2014_02.jpg\"><img loading=\"lazy\" decoding=\"async\" aria-describedby=\"caption-attachment-12986\" class=\"size-medium wp-image-12986\" src=\"http:\/\/www.kuntsi.net\/viipyy\/wp-content\/uploads\/2014\/09\/paatoslenkki_2014_02-300x200.jpg\" alt=\"Py\u00f6r\u00e4ilij\u00e4t laskeutumassa Kellankoskelle (kuva: Markku Vihava 2014)\" width=\"300\" height=\"200\" \/><\/a><p id=\"caption-attachment-12986\" class=\"wp-caption-text\">Py\u00f6r\u00e4ilij\u00e4t laskeutumassa Kellankoskelle (kuva: Markku Vihava 2014)<\/p><\/div>\n<p>Pilvipoutainen keli, l\u00e4mmint\u00e4 hieman toistakymment\u00e4 astetta ja aurinko pilkahteli v\u00e4lill\u00e4 pilvien lomasta. Loistava syyskyinen py\u00f6r\u00e4ilykeli saatteli seitsem\u00e4\u00e4 py\u00f6r\u00e4ilij\u00e4\u00e4 Viitasaaren torilta Kurkelan ja Taimolahden kautta kohti Taimonieme\u00e4 ja sit\u00e4 kautta Kellantien varressa sijaitsevaa Kellankosken tulipaikkaa. Matka eteni reipasta retkivauhtia pienien jutustelutaukojen siivitt\u00e4m\u00e4n\u00e4 ja noin tunnin ajelun j\u00e4lkeen porukka saapui Kellankoskelle jonne huoltojoukot olivat viritelleet tulet valmiiksi.<\/p>\n<div id=\"attachment_12988\" style=\"width: 543px\" class=\"wp-caption aligncenter\"><a href=\"http:\/\/www.kuntsi.net\/viipyy\/wp-content\/uploads\/2014\/09\/paatoslenkki_2014_03.jpg\"><img loading=\"lazy\" decoding=\"async\" aria-describedby=\"caption-attachment-12988\" class=\"size-kokolevea wp-image-12988\" src=\"http:\/\/www.kuntsi.net\/viipyy\/wp-content\/uploads\/2014\/09\/paatoslenkki_2014_03-533x400.jpg\" alt=\"Kalusto parkkiin (kuva: Markku Vihava 2014)\" width=\"533\" height=\"400\" \/><\/a><p id=\"caption-attachment-12988\" class=\"wp-caption-text\">Kalusto parkkiin (kuva: Petri Kuntsi\u00a02014)<\/p><\/div>\n<div id=\"attachment_12989\" style=\"width: 610px\" class=\"wp-caption aligncenter\"><a href=\"http:\/\/www.kuntsi.net\/viipyy\/wp-content\/uploads\/2014\/09\/paatoslenkki_2014_04.jpg\"><img loading=\"lazy\" decoding=\"async\" aria-describedby=\"caption-attachment-12989\" class=\"size-kokolevea wp-image-12989\" src=\"http:\/\/www.kuntsi.net\/viipyy\/wp-content\/uploads\/2014\/09\/paatoslenkki_2014_04-600x400.jpg\" alt=\"Kellankoskella hienot puitteet ev\u00e4stauon pit\u00e4miseen (kuva: Markku Vihava 2014)\" width=\"600\" height=\"400\" \/><\/a><p id=\"caption-attachment-12989\" class=\"wp-caption-text\">Kellankoskella hienot puitteet ev\u00e4stauon pit\u00e4miseen (kuva: Markku Vihava 2014)<\/p><\/div>\n<div id=\"attachment_12991\" style=\"width: 310px\" class=\"wp-caption alignright\"><a href=\"http:\/\/www.kuntsi.net\/viipyy\/wp-content\/uploads\/2014\/09\/paatoslenkki_2014_05.jpg\"><img loading=\"lazy\" decoding=\"async\" aria-describedby=\"caption-attachment-12991\" class=\"size-medium wp-image-12991\" src=\"http:\/\/www.kuntsi.net\/viipyy\/wp-content\/uploads\/2014\/09\/paatoslenkki_2014_05-300x225.jpg\" alt=\"Paluumatkalla pieni tauko Ilolanm\u00e4ell\u00e4 (kuva: Petri Kuntsi 2014)\" width=\"300\" height=\"225\" \/><\/a><p id=\"caption-attachment-12991\" class=\"wp-caption-text\">Paluumatkalla pieni tauko Ilolanm\u00e4ell\u00e4 (kuva: Petri Kuntsi 2014)<\/p><\/div>\n<p>Hieno py\u00f6r\u00e4ilykes\u00e4 sai arvoisensa p\u00e4\u00e4t\u00f6ksen. Muisteltiin ajettua kes\u00e4\u00e4, kauhisteltiin k\u00e4rkip\u00e4\u00e4n\u00a0hurjia kilometrim\u00e4\u00e4ri\u00e4, uhottiin viimeisen p\u00e4iv\u00e4n lenkkien pituuksilla ja kertailtiin loppukes\u00e4ll\u00e4 sattuneit\u00e4 rys\u00e4hdyksi\u00e4. Useampikin paketti kului makkaraa ja suklaata jutustelun lomassa kun mietittiin ett\u00e4 onko el\u00e4m\u00e4\u00e4 kisan j\u00e4lkeen. Todettiin ett\u00e4 loistavia syyspy\u00f6r\u00e4ilykelej\u00e4 on tulossa ja ne k\u00e4ytet\u00e4\u00e4n hyv\u00e4ksi viel\u00e4 muutamalla porukkalenkill\u00e4.<\/p>\n<p>Paluumatka perinteisesti Kym\u00f6nkosken kautta ja viel\u00e4 yksi perinne saatiin siirretty\u00e4 vuoden 2013 p\u00e4\u00e4t\u00f6slenkilt\u00e4 t\u00e4h\u00e4n vuoteen kun hieman ennen kirkonkyl\u00e4\u00e4 alkoi vesisade. Viitasaaren py\u00f6r\u00e4ily-yhteis\u00f6 kiitt\u00e4\u00e4 joukkueessa mukana olleita. Palataan kes\u00e4isen kilometrikisan muodossa asiaan toukokuussa 2015.<\/p>\n","protected":false},"excerpt":{"rendered":"<p>Viitasaaren py\u00f6r\u00e4ily-yhteis\u00f6n joukkueen kes\u00e4n kest\u00e4nyt kilpailuhenkinen py\u00f6r\u00e4ilyurakka alkaa olla loppusilausta vaille valmis. Toukokuun 1. p\u00e4iv\u00e4 startannut valtakunnallinen py\u00f6r\u00e4ilyn Kilometrikisa, kokosi j\u00e4lleen pari tuhatta joukkuetta ja miltei 30 000 py\u00f6r\u00e4ilij\u00e4\u00e4 ker\u00e4\u00e4m\u00e4\u00e4n kilometrej\u00e4 joukkueilleen. Vajaan viiden kuukauden ajelut saavat p\u00e4\u00e4t\u00f6ksens\u00e4 maanantaina 22.9. &hellip; <a href=\"https:\/\/www.kuntsi.net\/viipyy\/pyorailijat-kilpailukauden-paatoslenkilla\/\">Lue loppuun <span class=\"meta-nav\">&rarr;<\/span><\/a><\/p>\n","protected":false},"author":1,"featured_media":15683,"comment_status":"open","ping_status":"open","sticky":false,"template":"","format":"standard","meta":{"footnotes":""},"categories":[59],"tags":[55,18,10],"class_list":["post-12981","post","type-post","status-publish","format-standard","has-post-thumbnail","hentry","category-jutut","tag-kellankoski","tag-paikat-2","tag-porukkalenkit"],"_links":{"self":[{"href":"https:\/\/www.kuntsi.net\/viipyy\/wp-json\/wp\/v2\/posts\/12981","targetHints":{"allow":["GET"]}}],"collection":[{"href":"https:\/\/www.kuntsi.net\/viipyy\/wp-json\/wp\/v2\/posts"}],"about":[{"href":"https:\/\/www.kuntsi.net\/viipyy\/wp-json\/wp\/v2\/types\/post"}],"author":[{"embeddable":true,"href":"https:\/\/www.kuntsi.net\/viipyy\/wp-json\/wp\/v2\/users\/1"}],"replies":[{"embeddable":true,"href":"https:\/\/www.kuntsi.net\/viipyy\/wp-json\/wp\/v2\/comments?post=12981"}],"version-history":[{"count":2,"href":"https:\/\/www.kuntsi.net\/viipyy\/wp-json\/wp\/v2\/posts\/12981\/revisions"}],"predecessor-version":[{"id":15690,"href":"https:\/\/www.kuntsi.net\/viipyy\/wp-json\/wp\/v2\/posts\/12981\/revisions\/15690"}],"wp:featuredmedia":[{"embeddable":true,"href":"https:\/\/www.kuntsi.net\/viipyy\/wp-json\/wp\/v2\/media\/15683"}],"wp:attachment":[{"href":"https:\/\/www.kuntsi.net\/viipyy\/wp-json\/wp\/v2\/media?parent=12981"}],"wp:term":[{"taxonomy":"category","embeddable":true,"href":"https:\/\/www.kuntsi.net\/viipyy\/wp-json\/wp\/v2\/categories?post=12981"},{"taxonomy":"post_tag","embeddable":true,"href":"https:\/\/www.kuntsi.net\/viipyy\/wp-json\/wp\/v2\/tags?post=12981"}],"curies":[{"name":"wp","href":"https:\/\/api.w.org\/{rel}","templated":true}]}}