{"id":13441,"date":"2014-10-14T09:01:36","date_gmt":"2014-10-14T06:01:36","guid":{"rendered":"http:\/\/vanha.viitasaarenseutu.fi\/\/?p=13441"},"modified":"2015-08-10T10:51:06","modified_gmt":"2015-08-10T07:51:06","slug":"viipyy-gaala-2014-2","status":"publish","type":"post","link":"https:\/\/www.kuntsi.net\/viipyy\/viipyy-gaala-2014-2\/","title":{"rendered":"Viipyy-gaala 2014"},"content":{"rendered":"<p>Viitasaaren Py\u00f6r\u00e4ily-yhteis\u00f6n kilpailukausi huipentui ep\u00e4virallisen viralliseen gaalailtaan 12.10.2014 seurakuntatalolla. Tarjolla oli muistelua valokuvin ja tarinoin kes\u00e4n py\u00f6r\u00e4ilyretkilt\u00e4, palkitsemisia ja luonnollisesti kunnon kakkukahvit p\u00e4\u00e4lle.<\/p>\n<div id=\"attachment_13442\" style=\"width: 310px\" class=\"wp-caption alignright\"><a href=\"http:\/\/www.kuntsi.net\/viipyy\/wp-content\/uploads\/2014\/10\/VIIPYYGAALA-2014-X1.png\"><img loading=\"lazy\" decoding=\"async\" aria-describedby=\"caption-attachment-13442\" class=\"size-medium wp-image-13442\" src=\"http:\/\/www.kuntsi.net\/viipyy\/wp-content\/uploads\/2014\/10\/VIIPYYGAALA-2014-X1-300x168.png\" alt=\"Py\u00f6r\u00e4ilij\u00e4t kuuntelemassa avajaissanoja\" width=\"300\" height=\"168\" \/><\/a><p id=\"caption-attachment-13442\" class=\"wp-caption-text\">Py\u00f6r\u00e4ilij\u00e4t kuuntelemassa avajaissanoja (kuva: Seija Ruuska 2014)<\/p><\/div>\n<p>Kilometrikisajoukkueen kapteeni Petri Kuntsi avasi illan kertaamalla Viipyyn py\u00f6r\u00e4ilyvuotta Seudun <a href=\"http:\/\/vanha.viitasaarenseutu.fi\/\/avainsana\/viipyy\/\">artikkelien ja kuvien kautta<\/a>\u00a0todeten ett\u00e4 hieno vuosi oli ollut, niin kelien, retkien kuin porukankin suhteen. Joten ei ihme ett\u00e4 enn\u00e4tyksi\u00e4 rikottiin niin <a href=\"http:\/\/vanha.viitasaarenseutu.fi\/\/viipyylaisten-kilometrikisa-paattyi-ennatyksiin\/\">joukkueena<\/a> kuin henkil\u00f6kohtaisella tasolla. Kilometrikisa on pysynyt omalla paikallaan eli porukkaa kokoavana tekij\u00e4n\u00e4 ja samalla mahdollistaen hienot py\u00f6r\u00e4reissut ja niiden kautta saadut el\u00e4mykset.<\/p>\n<p>Avauspuheen j\u00e4lkeen joukkueen kapteeni palkitsi perinteisesti kaikki yli 1000 kilometri\u00e4 kisan aikana ajaneet <a href=\"https:\/\/www.kilometrikisa.fi\/\">Kilometrikisan<\/a> virallisilla kunniakirjoilla. Vuonna 2013 py\u00f6r\u00e4ilij\u00e4n nimell\u00e4, ajetulla kilometrim\u00e4\u00e4r\u00e4ll\u00e4 ja joukkueen nimell\u00e4 varustettuja kunniakirjoja jaettiin 11 kappaletta ja t\u00e4h\u00e4nkin saatiin t\u00e4n\u00e4 vuonna roima parannus kun diplomeja meni jakoon t\u00e4m\u00e4n vuoden kisan j\u00e4lkeen 16 kappaletta. Skaala oli ajetuissa kilometreiss\u00e4 huikea. Reippaan tonnin ajaneita oli yhdeks\u00e4n, kakkosella lukemansa sai alkamaan viisi py\u00f6r\u00e4ilij\u00e4\u00e4 ja sitten viel\u00e4 kaksi py\u00f6r\u00e4ilij\u00e4\u00e4 aivan omilla lukemillaan ajaen viidell\u00e4 ja kuudella alkavat lukemat. Kunniakirjojen lis\u00e4ksi Viitasaaren kaupunki oli lupautunut palkitsemaan joukkueen kolme parasta Simmarin lahjakortein.<\/p>\n<div id=\"attachment_13444\" style=\"width: 607px\" class=\"wp-caption aligncenter\"><a href=\"http:\/\/www.kuntsi.net\/viipyy\/wp-content\/uploads\/2014\/10\/VIIPYYGAALA-2014-X2.png\"><img loading=\"lazy\" decoding=\"async\" aria-describedby=\"caption-attachment-13444\" class=\"size-kokolevea wp-image-13444\" src=\"http:\/\/www.kuntsi.net\/viipyy\/wp-content\/uploads\/2014\/10\/VIIPYYGAALA-2014-X2-597x400.png\" alt=\"Yli 1000 kilometri\u00e4 ajaneita t\u00e4n\u00e4 vuonna: Ali Al-emara, Mikko Koivisto ja Arto Kuntsi\" width=\"597\" height=\"400\" \/><\/a><p id=\"caption-attachment-13444\" class=\"wp-caption-text\">Yli 1000 kilometri\u00e4 ajaneita t\u00e4n\u00e4 vuonna: Ali Al-emara, Mikko Koivisto ja Arto Kuntsi (kuva: Juha Toikkanen 2014)<\/p><\/div>\n<p>Kunniakirjojen jaon j\u00e4lkeen Maija ja Markku Vihava kertoivat kes\u00e4ll\u00e4 ajamastaan <a href=\"http:\/\/www.pyhatpolut.fi\/\">py\u00f6r\u00e4ilypyhiinvaelluksesta<\/a>\u00a0It\u00e4-Suomessa. Reitti alkoi Savonlinnasta p\u00e4\u00e4ttyen samaiselle paikkakunnalle 6 y\u00f6t\u00e4 my\u00f6hemmin. Reitin varrella tutustuttiin mm. Kerim\u00e4en kirkkoon sek\u00e4 Lintulan ja Hein\u00e4veden luostareihin. Matkaa Markulle ja Maijalle oli vajaan viikon py\u00f6r\u00e4v\u00e4elluksella kertynyt 375 kilometri\u00e4 p\u00e4iv\u00e4osuuksien ollessa muutamasta kymmenest\u00e4 kilometrist\u00e4 vajaaseen 100 kilometriin. Py\u00f6r\u00e4vaellus sai Vihavilta varauksettomat suositukset.<\/p>\n<p>Hienon matkakertomuksen j\u00e4lkeen puheenvuoron otti Antti Hiltunen esitellen\u00a0puheenvuorossaan mystisen &#8221;Raadin&#8221; joka oli pist\u00e4nyt pystyyn gaalaillan ja luonut kiertopalkinnon otsikolla &#8221;<strong>Vuoden py\u00f6r\u00e4ilyteko<\/strong>&#8221;. Kyseisen palkinnon saamisperusteet ovat kirjattu peruskirjaan sanoin: &#8221;<em>Palkittu on edist\u00e4nyt viitasaarelaista py\u00f6r\u00e4ilykulttuuria, Viitasaaren py\u00f6r\u00e4ily-yhteis\u00f6n toimintaa tai muulla tavalla tuonut Viitasaarelle positiivista fillarihenke\u00e4. Huomiotavaa on, ett\u00e4 pelkk\u00e4 kilometrikisan voitto ei ole my\u00f6nt\u00e4misperuste ja palkinnon saajan ei tarvitse olla itse aktiivipy\u00f6r\u00e4ilij\u00e4, kunhan yll\u00e4mainitut perusteet toteutuvat.<\/em>&#8221; Kiertopalkinnon peruskirjan olivat allekirjoittaneet 2014 raadin j\u00e4senet Petri Kuntsi, Antti Hiltunen, Arto Kuntsi ja Seija Ruuska.<\/p>\n<div id=\"attachment_13445\" style=\"width: 249px\" class=\"wp-caption alignright\"><a href=\"http:\/\/www.kuntsi.net\/viipyy\/wp-content\/uploads\/2014\/10\/VIIPYYGAALA-2014-X3.png\"><img loading=\"lazy\" decoding=\"async\" aria-describedby=\"caption-attachment-13445\" class=\"size-medium wp-image-13445\" src=\"http:\/\/www.kuntsi.net\/viipyy\/wp-content\/uploads\/2014\/10\/VIIPYYGAALA-2014-X3-239x300.png\" alt=\"Vuoden py\u00f6r\u00e4ilyteko 2014 palkinnon saaja: Arto Paananen\" width=\"239\" height=\"300\" \/><\/a><p id=\"caption-attachment-13445\" class=\"wp-caption-text\">Vuoden py\u00f6r\u00e4ilyteko 2014 palkinnon saaja: Arto Paananen (kuva: Juha Toikkanen 2014)<\/p><\/div>\n<p>Ensimm\u00e4isen\u00e4 kiertopalkinnon saajasta ei raadin mielest\u00e4 ollut ep\u00e4selvyytt\u00e4:\u00a0&#8221;<em>Aktiivipy\u00f6r\u00e4ilij\u00e4 joka on rytin\u00e4ll\u00e4 tullut mukaan Viitasaaren py\u00f6r\u00e4ily-yhteis\u00f6n porukkaan. Tuonut omalla persoonallaan huumoria, tarinoita\u00a0ja oikeaa fillarihenke\u00e4\u00a0retkille ja vienyt tietoutta viitasaarelaisesta py\u00f6r\u00e4ilyst\u00e4 omilla ja yhteisill\u00e4 py\u00f6r\u00e4reissulla matkan varrella tavatuille ihmisille. Ja vaikka peruskirjassa mainitaan ett\u00e4 kes\u00e4ll\u00e4 ajettu kilometrim\u00e4\u00e4r\u00e4 ei saa olla pelk\u00e4st\u00e4\u00e4n palkinnon my\u00f6nt\u00e4misperuste, ei sit\u00e4 t\u00e4n\u00e4 vuonna katsottu raskauttavaksi tekij\u00e4ksi<\/em>&#8221;. Vuonna 2014 perustetun N\u00e4ill\u00e4 sanoin vuoden py\u00f6r\u00e4ilyteko palkinnon saajaksi julistettiin\u00a0<strong>Arto Paananen.<\/strong> Palkinto sis\u00e4lsi vuodeksi haltuun komean pokaalin ja omaksi j\u00e4\u00e4v\u00e4n kunniakirjan. T\u00e4m\u00e4n lis\u00e4ksi kyseinen henkil\u00f6\u00a0valitsee yhdess\u00e4 kokoamansa raadin kanssa Vuoden py\u00f6r\u00e4ilyteko 2015 palkinnon saajan ja j\u00e4rjest\u00e4\u00e4 samaiselle syksylle gaalaillan.<\/p>\n<div id=\"attachment_13451\" style=\"width: 310px\" class=\"wp-caption alignright\"><a href=\"http:\/\/www.kuntsi.net\/viipyy\/wp-content\/uploads\/2014\/10\/VIIPYYGAALA-2014-X4.png\"><img loading=\"lazy\" decoding=\"async\" aria-describedby=\"caption-attachment-13451\" class=\"size-medium wp-image-13451\" src=\"http:\/\/www.kuntsi.net\/viipyy\/wp-content\/uploads\/2014\/10\/VIIPYYGAALA-2014-X4-300x200.png\" alt=\"Joukkueen kapteeni Petri Kuntsi palkittiin &quot;kahvi ja s\u00e4rvin&quot; lahjakortilla.\" width=\"300\" height=\"200\" \/><\/a><p id=\"caption-attachment-13451\" class=\"wp-caption-text\">Joukkueen kapteeni Petri Kuntsi palkittiin &#8221;kahvi ja s\u00e4rvin&#8221; lahjakortilla. (kuva: Juha Toikkanen)<\/p><\/div>\n<p>Palkintoseremonian p\u00e4\u00e4tteeksi py\u00f6r\u00e4ilij\u00e4t palkitsivat viel\u00e4 joukkueen kapteenin lahjakortilla jolla saa lunastettua Viipyyn py\u00f6r\u00e4retkill\u00e4 allekirjoittaneilta &#8221;kahvit ja jotain s\u00e4rvint\u00e4 sen kanssa&#8221;. Lahjakortin luovutti Seija Ruuska saatesanoin: &#8221;<em>kaikesta hyv\u00e4st\u00e4 miten olet meit\u00e4 kovin liikuttanut ja ajanut eteenp\u00e4in<\/em>&#8221;.<\/p>\n<p>Ilta sai arvoisensa p\u00e4\u00e4t\u00f6ksen herkuista notkuvan kahvip\u00f6yd\u00e4n muodossa.<\/p>\n<p>Viitasaaren py\u00f6r\u00e4ily-yhteis\u00f6 kiitt\u00e4\u00e4 kaikkia mukana olleita ja toivottaa lenkeille ja kisaan mukaan tervettulleeksi kaikki v\u00e4h\u00e4nk\u00e4\u00e4n py\u00f6r\u00e4ilyst\u00e4 kiinnostuneet.<\/p>\n","protected":false},"excerpt":{"rendered":"<p>Viitasaaren Py\u00f6r\u00e4ily-yhteis\u00f6n kilpailukausi huipentui ep\u00e4virallisen viralliseen gaalailtaan 12.10.2014 seurakuntatalolla. Tarjolla oli muistelua valokuvin ja tarinoin kes\u00e4n py\u00f6r\u00e4ilyretkilt\u00e4, palkitsemisia ja luonnollisesti kunnon kakkukahvit p\u00e4\u00e4lle. Kilometrikisajoukkueen kapteeni Petri Kuntsi avasi illan kertaamalla Viipyyn py\u00f6r\u00e4ilyvuotta Seudun artikkelien ja kuvien kautta\u00a0todeten ett\u00e4 hieno vuosi &hellip; <a href=\"https:\/\/www.kuntsi.net\/viipyy\/viipyy-gaala-2014-2\/\">Lue loppuun <span class=\"meta-nav\">&rarr;<\/span><\/a><\/p>\n","protected":false},"author":1,"featured_media":15676,"comment_status":"open","ping_status":"open","sticky":false,"template":"","format":"standard","meta":{"footnotes":""},"categories":[59,60],"tags":[17,22,62,57],"class_list":["post-13441","post","type-post","status-publish","format-standard","has-post-thumbnail","hentry","category-jutut","category-uutiset","tag-kilometrikisa-2","tag-palkinnot","tag-viipyy-gaala","tag-vuoden-pyorailyteko"],"_links":{"self":[{"href":"https:\/\/www.kuntsi.net\/viipyy\/wp-json\/wp\/v2\/posts\/13441","targetHints":{"allow":["GET"]}}],"collection":[{"href":"https:\/\/www.kuntsi.net\/viipyy\/wp-json\/wp\/v2\/posts"}],"about":[{"href":"https:\/\/www.kuntsi.net\/viipyy\/wp-json\/wp\/v2\/types\/post"}],"author":[{"embeddable":true,"href":"https:\/\/www.kuntsi.net\/viipyy\/wp-json\/wp\/v2\/users\/1"}],"replies":[{"embeddable":true,"href":"https:\/\/www.kuntsi.net\/viipyy\/wp-json\/wp\/v2\/comments?post=13441"}],"version-history":[{"count":3,"href":"https:\/\/www.kuntsi.net\/viipyy\/wp-json\/wp\/v2\/posts\/13441\/revisions"}],"predecessor-version":[{"id":15678,"href":"https:\/\/www.kuntsi.net\/viipyy\/wp-json\/wp\/v2\/posts\/13441\/revisions\/15678"}],"wp:featuredmedia":[{"embeddable":true,"href":"https:\/\/www.kuntsi.net\/viipyy\/wp-json\/wp\/v2\/media\/15676"}],"wp:attachment":[{"href":"https:\/\/www.kuntsi.net\/viipyy\/wp-json\/wp\/v2\/media?parent=13441"}],"wp:term":[{"taxonomy":"category","embeddable":true,"href":"https:\/\/www.kuntsi.net\/viipyy\/wp-json\/wp\/v2\/categories?post=13441"},{"taxonomy":"post_tag","embeddable":true,"href":"https:\/\/www.kuntsi.net\/viipyy\/wp-json\/wp\/v2\/tags?post=13441"}],"curies":[{"name":"wp","href":"https:\/\/api.w.org\/{rel}","templated":true}]}}