{"id":15937,"date":"2015-09-26T11:08:36","date_gmt":"2015-09-26T08:08:36","guid":{"rendered":"http:\/\/www.kuntsi.net\/viipyy\/?p=15937"},"modified":"2015-09-26T11:11:24","modified_gmt":"2015-09-26T08:11:24","slug":"kilometrikisa-paattyi-68-5933-km-ennatyspottiin","status":"publish","type":"post","link":"https:\/\/www.kuntsi.net\/viipyy\/kilometrikisa-paattyi-68-5933-km-ennatyspottiin\/","title":{"rendered":"Kilometrikisa p\u00e4\u00e4ttyi 68 593,3 km enn\u00e4tyspottiin"},"content":{"rendered":"<div id=\"attachment_15938\" style=\"width: 310px\" class=\"wp-caption alignright\"><a href=\"http:\/\/www.kuntsi.net\/viipyy\/wp-content\/uploads\/2015\/09\/20150501_Kisakauden-avaus.png\" rel=\"attachment wp-att-15938\"><img loading=\"lazy\" decoding=\"async\" aria-describedby=\"caption-attachment-15938\" class=\"size-medium wp-image-15938\" src=\"http:\/\/www.kuntsi.net\/viipyy\/wp-content\/uploads\/2015\/09\/20150501_Kisakauden-avaus-300x156.png\" alt=\"Fillarit ojennuksessa Huopanankoskella\" width=\"300\" height=\"156\" srcset=\"https:\/\/www.kuntsi.net\/viipyy\/wp-content\/uploads\/2015\/09\/20150501_Kisakauden-avaus-300x156.png 300w, https:\/\/www.kuntsi.net\/viipyy\/wp-content\/uploads\/2015\/09\/20150501_Kisakauden-avaus-500x259.png 500w, https:\/\/www.kuntsi.net\/viipyy\/wp-content\/uploads\/2015\/09\/20150501_Kisakauden-avaus.png 800w\" sizes=\"auto, (max-width: 300px) 100vw, 300px\" \/><\/a><p id=\"caption-attachment-15938\" class=\"wp-caption-text\">Fillarit ojennuksessa Huopanankoskella<\/p><\/div>\n<p>J\u00e4lleen on hieno py\u00f6r\u00e4ilykes\u00e4 takana! Kausi startattiin perinteisesti kisakauden avauslenkill\u00e4 Huopanankoskelle lettukahveille. Alkukes\u00e4n satunnaisten porukkalenkkien ohessa aloitettiin hieman s\u00e4\u00e4nn\u00f6llisempi keskiviikkolenkkitoiminta Ruuskan Seijan vet\u00e4m\u00e4n\u00e4. Uusia naamoja alkoi ilmestym\u00e4\u00e4n sek\u00e4 Kilometrikisajoukkueeseen, ett\u00e4 lenkeille. Jo ensimm\u00e4isen\u00e4 kisaviikkona ylitettiin reilusti maaginen suursarjan raja ja py\u00f6r\u00e4ilij\u00f6it\u00e4 oli mukana reilu 30. Tasainen tahti jatkui l\u00e4pi kes\u00e4n ja viimemetrien lis\u00e4vahvistuksien siivitt\u00e4m\u00e4n\u00e4 p\u00e4\u00e4stiin iloisenpy\u00f6re\u00e4\u00e4n 50 py\u00f6r\u00e4ilij\u00e4n lukemaan. Joten ei ihme ett\u00e4 kisan p\u00e4\u00e4ttyess\u00e4 olimme parantaneet yhteispotin saldoa miltei 30 tuhannella kilometrilla.<\/p>\n<p>T\u00e4ss\u00e4 viel\u00e4 muutamin numeroin kes\u00e4t 2013-2015 vertailussa<\/p>\n<table style=\"height: 242px;\" width=\"637\">\n<tbody>\n<tr>\n<td width=\"114\"><strong>Kes\u00e4kisat<\/strong><\/td>\n<td width=\"85\">piensarja<\/td>\n<td width=\"88\">piensarja<\/td>\n<td width=\"93\">suursarja<\/td>\n<\/tr>\n<tr>\n<td><strong>Viipyy<\/strong><\/td>\n<td><strong>K2013<\/strong><\/td>\n<td><strong>K2014<\/strong><\/td>\n<td><strong>K2015<\/strong><\/td>\n<\/tr>\n<tr>\n<td><strong>km<\/strong><\/td>\n<td>26229<\/td>\n<td>38606,5<\/td>\n<td><strong><span style=\"color: #339966;\">68593,3<\/span><\/strong><\/td>\n<\/tr>\n<tr>\n<td><strong>py\u00f6r\u00e4ilij\u00e4\u00e4<\/strong><\/td>\n<td>24<\/td>\n<td>23<\/td>\n<td><strong><span style=\"color: #339966;\">50<\/span><\/strong><\/td>\n<\/tr>\n<tr>\n<td><strong>km\/py\u00f6r\u00e4ilij\u00e4<\/strong><\/td>\n<td>1092,9<\/td>\n<td><strong><span style=\"color: #339966;\">1678,5<\/span><\/strong><\/td>\n<td>1371,9<\/td>\n<\/tr>\n<tr>\n<td><strong>py\u00f6r\u00e4ilyp\u00e4iv\u00e4t<\/strong><\/td>\n<td>962<\/td>\n<td>1070<\/td>\n<td><strong><span style=\"color: #339966;\">2030<\/span><\/strong><\/td>\n<\/tr>\n<tr>\n<td><strong>pv\/py\u00f6r\u00e4ilj\u00e4<\/strong><\/td>\n<td>40,1<\/td>\n<td><strong><span style=\"color: #339966;\">46,5<\/span><\/strong><\/td>\n<td>40,6<\/td>\n<\/tr>\n<tr>\n<td><strong>sijoitus<\/strong><\/td>\n<td>388\/1688<\/td>\n<td>101\/2128<\/td>\n<td>26\/212<\/td>\n<\/tr>\n<\/tbody>\n<\/table>\n<p>Taulukon tulkinta:<\/p>\n<p>km = joukkueen kokonaiskilometrit<br \/>\npy\u00f6r\u00e4ilij\u00e4\u00e4 = mukana olleiden py\u00f6r\u00e4ilij\u00f6iden lukum\u00e4\u00e4r\u00e4<br \/>\nkm\/py\u00f6r\u00e4ilij\u00e4 = keskiarvo jonka mukaan joukkueet laitettiin paremmuusj\u00e4rjestykseen<br \/>\npy\u00f6r\u00e4ilyp\u00e4iv\u00e4 = joukkueen yhteenlaskettu py\u00f6r\u00e4ilyp\u00e4ivien m\u00e4\u00e4r\u00e4<br \/>\npv\/py\u00f6r\u00e4ilij\u00e4 = py\u00f6r\u00e4ilyp\u00e4ivien keskarvo<br \/>\nsijoutus = monensiako oltiin ja kuinka monta joukkuetta sarjassa oli.<\/p>\n<p>Viitasaaren py\u00f6r\u00e4ily-yhteis\u00f6 kiitt\u00e4\u00e4 kaikkia mukanaolleita! Enn\u00e4tyksi\u00e4 rikottiin mukavasti ja saatiin samalla haastetta tuleville kesille.\u00a0Palataan kes\u00e4kisaan my\u00f6t\u00e4 asiaan ensi kev\u00e4\u00e4n\u00e4, mutta py\u00f6r\u00e4ily\u00e4 ei tarvitse t\u00e4h\u00e4n j\u00e4tt\u00e4\u00e4. Syksyll\u00e4 j\u00e4rjestet\u00e4\u00e4n perinteinen <strong>Viipyy-gaala<\/strong> jossa muistellaan ja fiilistell\u00e4\u00e4n mennytt\u00e4 fillarikes\u00e4\u00e4, joukkueen kapteeni palkitsee yli 1000 km ajaneet virallisella diplomilla, palkitaan vuoden viitasaarelainen py\u00f6r\u00e4ilyteko ja mit\u00e4 tuohon iltaan sitten viel\u00e4 keksit\u00e4\u00e4nkin. Infotaan tarkemmin jahka ajankohta selvi\u00e4\u00e4. <strong>Pime\u00e4py\u00f6r\u00e4ilylenkki\u00e4<\/strong> on suunniteltu K\u00e4rn\u00e4nkosken suuntaan ja eik\u00f6h\u00e4n t\u00e4ss\u00e4 viel\u00e4 joku muukin syyslenkki j\u00e4rjestet\u00e4. Ja arktisille py\u00f6r\u00e4ilij\u00f6ille on tarjolla <strong>Talvikilometrikisa<\/strong> johon kasataan luonnollisesti Viipyyn joukkue mukaan. N\u00e4ist\u00e4 kaikista infotaan Viipyyn Facebook-ryhm\u00e4ss\u00e4 ja luonollisesti my\u00f6s Viipyyn kotisivuilla<\/p>\n<div id=\"attachment_15940\" style=\"width: 810px\" class=\"wp-caption aligncenter\"><a href=\"http:\/\/www.kuntsi.net\/viipyy\/wp-content\/uploads\/2015\/09\/20150819_Keskiviikkolenkki_K\u00e4m\u00e4ri.png\" rel=\"attachment wp-att-15940\"><img loading=\"lazy\" decoding=\"async\" aria-describedby=\"caption-attachment-15940\" class=\"size-full wp-image-15940\" src=\"http:\/\/www.kuntsi.net\/viipyy\/wp-content\/uploads\/2015\/09\/20150819_Keskiviikkolenkki_K\u00e4m\u00e4ri.png\" alt=\"Keskiviikkolenkin porukkaa 19.8.2015\" width=\"800\" height=\"450\" srcset=\"https:\/\/www.kuntsi.net\/viipyy\/wp-content\/uploads\/2015\/09\/20150819_Keskiviikkolenkki_K\u00e4m\u00e4ri.png 800w, https:\/\/www.kuntsi.net\/viipyy\/wp-content\/uploads\/2015\/09\/20150819_Keskiviikkolenkki_K\u00e4m\u00e4ri-300x169.png 300w, https:\/\/www.kuntsi.net\/viipyy\/wp-content\/uploads\/2015\/09\/20150819_Keskiviikkolenkki_K\u00e4m\u00e4ri-500x281.png 500w\" sizes=\"auto, (max-width: 800px) 100vw, 800px\" \/><\/a><p id=\"caption-attachment-15940\" class=\"wp-caption-text\">Keskiviikkolenkin porukkaa 19.8.2015<\/p><\/div>\n","protected":false},"excerpt":{"rendered":"<p>J\u00e4lleen on hieno py\u00f6r\u00e4ilykes\u00e4 takana! Kausi startattiin perinteisesti kisakauden avauslenkill\u00e4 Huopanankoskelle lettukahveille. Alkukes\u00e4n satunnaisten porukkalenkkien ohessa aloitettiin hieman s\u00e4\u00e4nn\u00f6llisempi keskiviikkolenkkitoiminta Ruuskan Seijan vet\u00e4m\u00e4n\u00e4. Uusia naamoja alkoi ilmestym\u00e4\u00e4n sek\u00e4 Kilometrikisajoukkueeseen, ett\u00e4 lenkeille. Jo ensimm\u00e4isen\u00e4 kisaviikkona ylitettiin reilusti maaginen suursarjan raja ja &hellip; <a href=\"https:\/\/www.kuntsi.net\/viipyy\/kilometrikisa-paattyi-68-5933-km-ennatyspottiin\/\">Lue loppuun <span class=\"meta-nav\">&rarr;<\/span><\/a><\/p>\n","protected":false},"author":1,"featured_media":15940,"comment_status":"open","ping_status":"open","sticky":false,"template":"","format":"standard","meta":{"footnotes":""},"categories":[59,60],"tags":[17,44,3,63],"class_list":["post-15937","post","type-post","status-publish","format-standard","has-post-thumbnail","hentry","category-jutut","category-uutiset","tag-kilometrikisa-2","tag-tulokset-2","tag-viipyy","tag-viipyy-team-viitasaari"],"_links":{"self":[{"href":"https:\/\/www.kuntsi.net\/viipyy\/wp-json\/wp\/v2\/posts\/15937","targetHints":{"allow":["GET"]}}],"collection":[{"href":"https:\/\/www.kuntsi.net\/viipyy\/wp-json\/wp\/v2\/posts"}],"about":[{"href":"https:\/\/www.kuntsi.net\/viipyy\/wp-json\/wp\/v2\/types\/post"}],"author":[{"embeddable":true,"href":"https:\/\/www.kuntsi.net\/viipyy\/wp-json\/wp\/v2\/users\/1"}],"replies":[{"embeddable":true,"href":"https:\/\/www.kuntsi.net\/viipyy\/wp-json\/wp\/v2\/comments?post=15937"}],"version-history":[{"count":4,"href":"https:\/\/www.kuntsi.net\/viipyy\/wp-json\/wp\/v2\/posts\/15937\/revisions"}],"predecessor-version":[{"id":15943,"href":"https:\/\/www.kuntsi.net\/viipyy\/wp-json\/wp\/v2\/posts\/15937\/revisions\/15943"}],"wp:featuredmedia":[{"embeddable":true,"href":"https:\/\/www.kuntsi.net\/viipyy\/wp-json\/wp\/v2\/media\/15940"}],"wp:attachment":[{"href":"https:\/\/www.kuntsi.net\/viipyy\/wp-json\/wp\/v2\/media?parent=15937"}],"wp:term":[{"taxonomy":"category","embeddable":true,"href":"https:\/\/www.kuntsi.net\/viipyy\/wp-json\/wp\/v2\/categories?post=15937"},{"taxonomy":"post_tag","embeddable":true,"href":"https:\/\/www.kuntsi.net\/viipyy\/wp-json\/wp\/v2\/tags?post=15937"}],"curies":[{"name":"wp","href":"https:\/\/api.w.org\/{rel}","templated":true}]}}