{"id":15989,"date":"2015-11-30T14:46:39","date_gmt":"2015-11-30T12:46:39","guid":{"rendered":"http:\/\/www.kuntsi.net\/viipyy\/?p=15989"},"modified":"2015-12-09T14:21:13","modified_gmt":"2015-12-09T12:21:13","slug":"viitasaaren-vuoden-pyorailyteko-palkinto-seija-ruuskalle","status":"publish","type":"post","link":"https:\/\/www.kuntsi.net\/viipyy\/viitasaaren-vuoden-pyorailyteko-palkinto-seija-ruuskalle\/","title":{"rendered":"Viitasaaren vuoden py\u00f6r\u00e4ilyteko palkinto Seija Ruuskalle"},"content":{"rendered":"<div id=\"attachment_15990\" style=\"width: 213px\" class=\"wp-caption alignright\"><a href=\"http:\/\/www.kuntsi.net\/viipyy\/wp-content\/uploads\/2015\/11\/viipyy_gaala_2015_003.png\" rel=\"attachment wp-att-15990\"><img loading=\"lazy\" decoding=\"async\" aria-describedby=\"caption-attachment-15990\" class=\"size-medium wp-image-15990\" src=\"http:\/\/www.kuntsi.net\/viipyy\/wp-content\/uploads\/2015\/11\/viipyy_gaala_2015_003-203x300.png\" alt=\"Vuoden py\u00f6r\u00e4ilyteko 2015: Seija Ruuska\" width=\"203\" height=\"300\" srcset=\"https:\/\/www.kuntsi.net\/viipyy\/wp-content\/uploads\/2015\/11\/viipyy_gaala_2015_003-203x300.png 203w, https:\/\/www.kuntsi.net\/viipyy\/wp-content\/uploads\/2015\/11\/viipyy_gaala_2015_003.png 532w\" sizes=\"auto, (max-width: 203px) 100vw, 203px\" \/><\/a><p id=\"caption-attachment-15990\" class=\"wp-caption-text\">Vuoden py\u00f6r\u00e4ilyteko 2015: Seija Ruuska<\/p><\/div>\n<p>29.11.2015 Viitasaaren py\u00f6r\u00e4ly-yhteis\u00f6 juhli kuluvaa py\u00f6r\u00e4ilykautta ja sen p\u00e4\u00e4t\u00f6st\u00e4 seurakuntatalolla perinteisess\u00e4 Viipyy-gaalassa. Trubaduuri-py\u00f6r\u00e4ilij\u00e4 Harri Korhonen viihdytti v\u00e4ke\u00e4 musiikkiesityksill\u00e4, kilometrikisan kapteeni Petri Kuntsi taas muisteli kuvien kautta kulunutta kes\u00e4\u00e4 ja kuvien lomaan heitteli kasaamastaan &#8221;Viipyyn historia ranskalaisin viivoin&#8221;-teoksesta tietokilpailukysymyksi\u00e4 juhlav\u00e4elle.<\/p>\n<p>Viime vuonna aloitettiin Viipyyn toimesta uusi perinne kun gaalaraati perusti &#8221;Vuoden py\u00f6r\u00e4ilyteko&#8221;-palkinnon. T\u00e4n\u00e4 vuonna 2014 palkinnon saanut Arto Paananen kasasi ty\u00f6ryhm\u00e4n, loihti gaalaillan ja valitsi vuoden 2015 py\u00f6r\u00e4ilytekoon oikeutetun henkil\u00f6n.<\/p>\n<p>Vuoden 2015 &#8221;Vuoden py\u00f6r\u00e4lyteko&#8221; palkinto ojennettiin <strong>Seija Ruuskalle<\/strong> seuraavin saatesanoin:<\/p>\n<p><em>Avulias, huumorintajuinen, retkien hengennostattaja ja aktiivinen itsens\u00e4 kehitt\u00e4j\u00e4. H\u00e4n on varautunut retkille varusteilla muut py\u00f6r\u00e4ilij\u00e4t huomioiden, eli mukana on ollut riitt\u00e4v\u00e4sti niin ty\u00f6kaluja kuin retkiev\u00e4it\u00e4 (kahvia, pullaa, makkaraa). Seija on ollut mukana j\u00e4rjest\u00e4m\u00e4ss\u00e4 toimintaa viipyyl\u00e4isille ja on ollut ansioitunut rekrytoija niin kimppalenkeille kuin Kilometrikisa-joukkueeseeen. Erityisesti h\u00e4n on kiinnitt\u00e4nyt huomiota aloituskynnyksen madaltamaiseen. Viel\u00e4 pisteen\u00e4 I:n p\u00e4\u00e4lle Seija on hankkimassa itselleen py\u00f6r\u00e4ilynohjaaja koulutuksen ja osallistunut Viitasaaren kevyen liikenteen turvallisuuden parantamiseen Viitasaaren liikenneturvallisuusty\u00f6ryhm\u00e4n j\u00e4senen\u00e4 ja jakanut n\u00e4ist\u00e4 saamaansa tietoa muille py\u00f6r\u00e4ilij\u00f6ille.<\/em><\/p>\n<p>Lis\u00e4\u00e4 gaalaillasta luettavissa KSML.fi kapteenin blogista: &#8221;<a href=\"http:\/\/blogit.ksml.fi\/pyoraileva-toimistorotta\/viipyy-gaala-2015\/\">Viipyy-gaala 2015<\/a>&#8221;<\/p>\n","protected":false},"excerpt":{"rendered":"<p>29.11.2015 Viitasaaren py\u00f6r\u00e4ly-yhteis\u00f6 juhli kuluvaa py\u00f6r\u00e4ilykautta ja sen p\u00e4\u00e4t\u00f6st\u00e4 seurakuntatalolla perinteisess\u00e4 Viipyy-gaalassa. Trubaduuri-py\u00f6r\u00e4ilij\u00e4 Harri Korhonen viihdytti v\u00e4ke\u00e4 musiikkiesityksill\u00e4, kilometrikisan kapteeni Petri Kuntsi taas muisteli kuvien kautta kulunutta kes\u00e4\u00e4 ja kuvien lomaan heitteli kasaamastaan &#8221;Viipyyn historia ranskalaisin viivoin&#8221;-teoksesta tietokilpailukysymyksi\u00e4 juhlav\u00e4elle. Viime &hellip; <a href=\"https:\/\/www.kuntsi.net\/viipyy\/viitasaaren-vuoden-pyorailyteko-palkinto-seija-ruuskalle\/\">Lue loppuun <span class=\"meta-nav\">&rarr;<\/span><\/a><\/p>\n","protected":false},"author":1,"featured_media":15990,"comment_status":"open","ping_status":"open","sticky":false,"template":"","format":"standard","meta":{"footnotes":""},"categories":[59,60],"tags":[22,62],"class_list":["post-15989","post","type-post","status-publish","format-standard","has-post-thumbnail","hentry","category-jutut","category-uutiset","tag-palkinnot","tag-viipyy-gaala"],"_links":{"self":[{"href":"https:\/\/www.kuntsi.net\/viipyy\/wp-json\/wp\/v2\/posts\/15989","targetHints":{"allow":["GET"]}}],"collection":[{"href":"https:\/\/www.kuntsi.net\/viipyy\/wp-json\/wp\/v2\/posts"}],"about":[{"href":"https:\/\/www.kuntsi.net\/viipyy\/wp-json\/wp\/v2\/types\/post"}],"author":[{"embeddable":true,"href":"https:\/\/www.kuntsi.net\/viipyy\/wp-json\/wp\/v2\/users\/1"}],"replies":[{"embeddable":true,"href":"https:\/\/www.kuntsi.net\/viipyy\/wp-json\/wp\/v2\/comments?post=15989"}],"version-history":[{"count":2,"href":"https:\/\/www.kuntsi.net\/viipyy\/wp-json\/wp\/v2\/posts\/15989\/revisions"}],"predecessor-version":[{"id":15992,"href":"https:\/\/www.kuntsi.net\/viipyy\/wp-json\/wp\/v2\/posts\/15989\/revisions\/15992"}],"wp:featuredmedia":[{"embeddable":true,"href":"https:\/\/www.kuntsi.net\/viipyy\/wp-json\/wp\/v2\/media\/15990"}],"wp:attachment":[{"href":"https:\/\/www.kuntsi.net\/viipyy\/wp-json\/wp\/v2\/media?parent=15989"}],"wp:term":[{"taxonomy":"category","embeddable":true,"href":"https:\/\/www.kuntsi.net\/viipyy\/wp-json\/wp\/v2\/categories?post=15989"},{"taxonomy":"post_tag","embeddable":true,"href":"https:\/\/www.kuntsi.net\/viipyy\/wp-json\/wp\/v2\/tags?post=15989"}],"curies":[{"name":"wp","href":"https:\/\/api.w.org\/{rel}","templated":true}]}}