{"id":16013,"date":"2016-01-06T18:08:08","date_gmt":"2016-01-06T16:08:08","guid":{"rendered":"http:\/\/www.kuntsi.net\/viipyy\/?p=16013"},"modified":"2016-01-06T18:08:29","modified_gmt":"2016-01-06T16:08:29","slug":"viipyy-jalleen-mukana-talvikilometrikisassa","status":"publish","type":"post","link":"https:\/\/www.kuntsi.net\/viipyy\/viipyy-jalleen-mukana-talvikilometrikisassa\/","title":{"rendered":"Viipyy j\u00e4lleen mukana Talvikilometrikisassa"},"content":{"rendered":"<p><img loading=\"lazy\" decoding=\"async\" class=\"alignright size-medium wp-image-16007\" src=\"http:\/\/www.kuntsi.net\/viipyy\/wp-content\/uploads\/2015\/12\/on_the_road-300x225.png\" alt=\"\" width=\"300\" height=\"225\" srcset=\"https:\/\/www.kuntsi.net\/viipyy\/wp-content\/uploads\/2015\/12\/on_the_road-300x225.png 300w, https:\/\/www.kuntsi.net\/viipyy\/wp-content\/uploads\/2015\/12\/on_the_road-400x300.png 400w, https:\/\/www.kuntsi.net\/viipyy\/wp-content\/uploads\/2015\/12\/on_the_road.png 800w\" sizes=\"auto, (max-width: 300px) 100vw, 300px\" \/>Perinteinen talvikilometrikisa starttasi t\u00e4n\u00e4 vuonna heti 1.1.2016. Syksyn ennusmerkit lupasivat hyv\u00e4\u00e4 ja porukalla tuntui olevan kiinnostusta my\u00f6s pieneen talviseen kisailuun. Niinp\u00e4 ei ollenkaan yll\u00e4tys ett\u00e4 vajaa viikko kisan starttaamisen j\u00e4lkeen Viipyyn joukkueessa ajelee 13 arktista py\u00f6r\u00e4ilij\u00e4\u00e4. Ensimm\u00e4inen enn\u00e4tys Viipyyn talvikilometrikisahistoriassa on siis jo nyt rikottu osallistujam\u00e4\u00e4r\u00e4n my\u00f6t\u00e4.<\/p>\n<p>Talvikilometrikisa py\u00f6r\u00e4ill\u00e4\u00e4n samoilla periaatteilla kuin kes\u00e4kisakin (lue: <a href=\"http:\/\/www.kuntsi.net\/viipyy\/kilometrikisa\/mika-on-kilometrikisa\/\">Mik\u00e4 on Kilometrikisa?<\/a>). T\u00e4n\u00e4 vuonna ajetaan napakka kahden kuukauden kisa aikav\u00e4lill\u00e4 1.1.-29.2.2016.<\/p>\n<p>Jos her\u00e4si kiinnostus ker\u00e4ill\u00e4 talvisia py\u00f6r\u00e4ilykilometreja yhteiseen viitasaarelaiseen pottiin niin lukaise k\u00e4ytt\u00e4ytymisohjeet <a href=\"http:\/\/www.kuntsi.net\/viipyy\/kilometrikisa\/rekisteroidu-joukkueeseen\/\">Rekister\u00f6idy joukkueeseen<\/a> &#8211; sivulta.<\/p>\n","protected":false},"excerpt":{"rendered":"<p>Perinteinen talvikilometrikisa starttasi t\u00e4n\u00e4 vuonna heti 1.1.2016. Syksyn ennusmerkit lupasivat hyv\u00e4\u00e4 ja porukalla tuntui olevan kiinnostusta my\u00f6s pieneen talviseen kisailuun. Niinp\u00e4 ei ollenkaan yll\u00e4tys ett\u00e4 vajaa viikko kisan starttaamisen j\u00e4lkeen Viipyyn joukkueessa ajelee 13 arktista py\u00f6r\u00e4ilij\u00e4\u00e4. Ensimm\u00e4inen enn\u00e4tys Viipyyn talvikilometrikisahistoriassa &hellip; <a href=\"https:\/\/www.kuntsi.net\/viipyy\/viipyy-jalleen-mukana-talvikilometrikisassa\/\">Lue loppuun <span class=\"meta-nav\">&rarr;<\/span><\/a><\/p>\n","protected":false},"author":1,"featured_media":16007,"comment_status":"open","ping_status":"open","sticky":false,"template":"","format":"standard","meta":{"footnotes":""},"categories":[60],"tags":[2],"class_list":["post-16013","post","type-post","status-publish","format-standard","has-post-thumbnail","hentry","category-uutiset","tag-talvikilometrikisa"],"_links":{"self":[{"href":"https:\/\/www.kuntsi.net\/viipyy\/wp-json\/wp\/v2\/posts\/16013","targetHints":{"allow":["GET"]}}],"collection":[{"href":"https:\/\/www.kuntsi.net\/viipyy\/wp-json\/wp\/v2\/posts"}],"about":[{"href":"https:\/\/www.kuntsi.net\/viipyy\/wp-json\/wp\/v2\/types\/post"}],"author":[{"embeddable":true,"href":"https:\/\/www.kuntsi.net\/viipyy\/wp-json\/wp\/v2\/users\/1"}],"replies":[{"embeddable":true,"href":"https:\/\/www.kuntsi.net\/viipyy\/wp-json\/wp\/v2\/comments?post=16013"}],"version-history":[{"count":3,"href":"https:\/\/www.kuntsi.net\/viipyy\/wp-json\/wp\/v2\/posts\/16013\/revisions"}],"predecessor-version":[{"id":16016,"href":"https:\/\/www.kuntsi.net\/viipyy\/wp-json\/wp\/v2\/posts\/16013\/revisions\/16016"}],"wp:featuredmedia":[{"embeddable":true,"href":"https:\/\/www.kuntsi.net\/viipyy\/wp-json\/wp\/v2\/media\/16007"}],"wp:attachment":[{"href":"https:\/\/www.kuntsi.net\/viipyy\/wp-json\/wp\/v2\/media?parent=16013"}],"wp:term":[{"taxonomy":"category","embeddable":true,"href":"https:\/\/www.kuntsi.net\/viipyy\/wp-json\/wp\/v2\/categories?post=16013"},{"taxonomy":"post_tag","embeddable":true,"href":"https:\/\/www.kuntsi.net\/viipyy\/wp-json\/wp\/v2\/tags?post=16013"}],"curies":[{"name":"wp","href":"https:\/\/api.w.org\/{rel}","templated":true}]}}