{"id":16131,"date":"2016-11-13T19:20:56","date_gmt":"2016-11-13T17:20:56","guid":{"rendered":"http:\/\/www.kuntsi.net\/viipyy\/?p=16131"},"modified":"2016-11-13T19:20:56","modified_gmt":"2016-11-13T17:20:56","slug":"viipyyn-vuoden-pyorailyteko-palkinto-keijo-kuhalle","status":"publish","type":"post","link":"https:\/\/www.kuntsi.net\/viipyy\/viipyyn-vuoden-pyorailyteko-palkinto-keijo-kuhalle\/","title":{"rendered":"Viipyyn &#8221;Vuoden py\u00f6r\u00e4ilyteko&#8221;-palkinto Keijo Kuhalle"},"content":{"rendered":"<div id=\"attachment_16132\" style=\"width: 310px\" class=\"wp-caption alignright\"><a href=\"http:\/\/www.kuntsi.net\/viipyy\/wp-content\/uploads\/2016\/11\/viipyygaala2016_02.png\" rel=\"attachment wp-att-16132\"><img loading=\"lazy\" decoding=\"async\" aria-describedby=\"caption-attachment-16132\" class=\"size-medium wp-image-16132\" src=\"http:\/\/www.kuntsi.net\/viipyy\/wp-content\/uploads\/2016\/11\/viipyygaala2016_02-300x255.png\" alt=\"Vuoden py\u00f6r\u00e4ilyteko 2016 palkinto ojennettiin Seija Ruuskan toimesta Keijo Kuhalle\" width=\"300\" height=\"255\" srcset=\"https:\/\/www.kuntsi.net\/viipyy\/wp-content\/uploads\/2016\/11\/viipyygaala2016_02-300x255.png 300w, https:\/\/www.kuntsi.net\/viipyy\/wp-content\/uploads\/2016\/11\/viipyygaala2016_02-768x653.png 768w, https:\/\/www.kuntsi.net\/viipyy\/wp-content\/uploads\/2016\/11\/viipyygaala2016_02-353x300.png 353w, https:\/\/www.kuntsi.net\/viipyy\/wp-content\/uploads\/2016\/11\/viipyygaala2016_02.png 800w\" sizes=\"auto, (max-width: 300px) 100vw, 300px\" \/><\/a><p id=\"caption-attachment-16132\" class=\"wp-caption-text\">Vuoden py\u00f6r\u00e4ilyteko 2016 palkinto ojennettiin Seija Ruuskan toimesta Keijo Kuhalle<\/p><\/div>\n<p>Marraskuun 6. p\u00e4iv\u00e4 viipyyl\u00e4iset ker\u00e4\u00e4ntyiv\u00e4t viel\u00e4 kerran yhteen perinteisen Viipyy-gaalan merkeiss\u00e4. Maittavien kakkukahvien lis\u00e4ksi katseltiin kuvia ja muisteltiin py\u00f6r\u00e4ilykauden kohokohtia, palauteltiin mieleen tietokilpailun merkeiss\u00e4 liikennes\u00e4\u00e4nt\u00f6\u00e4, kuunneltiin &#8221;Ihan l\u00e4p\u00e4l&#8221; orkesterin musisointia ja jaettiin diplomeita kilometrikisalaisille sek\u00e4 talvi- ett\u00e4 kes\u00e4kisasta.<\/p>\n<p>T\u00e4n\u00e4 vuonna Seija Ruuskan johtama raati ojensi Viipyyn &#8221;Vuoden py\u00f6r\u00e4ilyteko&#8221; palkinnon Keijo Kuhalle seuraavin saatesanoin:<\/p>\n<p><em>&#8221;Keijo on tuonut mukanaan viipyyl\u00e4isille monipuolisen osaamisensa py\u00f6r\u00e4ilyn joka osa-alueelta ja on jakanut tietojaan niin kurssien muodossa kuin my\u00f6s py\u00f6r\u00e4retkien varrella. Erityisesti vaakakupissa painoi se, ett\u00e4 h\u00e4n on lis\u00e4nnyt osaamistamme py\u00f6r\u00e4n huollossa ja s\u00e4\u00e4d\u00f6iss\u00e4.&#8221;<\/em><\/p>\n<p>Lis\u00e4\u00e4 gaalaillasta luettavissa KSML.fi kapteenin blogista: &#8221;<a href=\"http:\/\/blogit.ksml.fi\/pyoraileva-toimistorotta\/viipyy-gaala-2016\/\">Viipyy-gaala 2016<\/a>&#8221;<\/p>\n","protected":false},"excerpt":{"rendered":"<p>Marraskuun 6. p\u00e4iv\u00e4 viipyyl\u00e4iset ker\u00e4\u00e4ntyiv\u00e4t viel\u00e4 kerran yhteen perinteisen Viipyy-gaalan merkeiss\u00e4. Maittavien kakkukahvien lis\u00e4ksi katseltiin kuvia ja muisteltiin py\u00f6r\u00e4ilykauden kohokohtia, palauteltiin mieleen tietokilpailun merkeiss\u00e4 liikennes\u00e4\u00e4nt\u00f6\u00e4, kuunneltiin &#8221;Ihan l\u00e4p\u00e4l&#8221; orkesterin musisointia ja jaettiin diplomeita kilometrikisalaisille sek\u00e4 talvi- ett\u00e4 kes\u00e4kisasta. T\u00e4n\u00e4 vuonna &hellip; <a href=\"https:\/\/www.kuntsi.net\/viipyy\/viipyyn-vuoden-pyorailyteko-palkinto-keijo-kuhalle\/\">Lue loppuun <span class=\"meta-nav\">&rarr;<\/span><\/a><\/p>\n","protected":false},"author":1,"featured_media":16132,"comment_status":"open","ping_status":"open","sticky":false,"template":"","format":"standard","meta":{"footnotes":""},"categories":[1],"tags":[22,62,57],"class_list":["post-16131","post","type-post","status-publish","format-standard","has-post-thumbnail","hentry","category-yleinen","tag-palkinnot","tag-viipyy-gaala","tag-vuoden-pyorailyteko"],"_links":{"self":[{"href":"https:\/\/www.kuntsi.net\/viipyy\/wp-json\/wp\/v2\/posts\/16131","targetHints":{"allow":["GET"]}}],"collection":[{"href":"https:\/\/www.kuntsi.net\/viipyy\/wp-json\/wp\/v2\/posts"}],"about":[{"href":"https:\/\/www.kuntsi.net\/viipyy\/wp-json\/wp\/v2\/types\/post"}],"author":[{"embeddable":true,"href":"https:\/\/www.kuntsi.net\/viipyy\/wp-json\/wp\/v2\/users\/1"}],"replies":[{"embeddable":true,"href":"https:\/\/www.kuntsi.net\/viipyy\/wp-json\/wp\/v2\/comments?post=16131"}],"version-history":[{"count":1,"href":"https:\/\/www.kuntsi.net\/viipyy\/wp-json\/wp\/v2\/posts\/16131\/revisions"}],"predecessor-version":[{"id":16133,"href":"https:\/\/www.kuntsi.net\/viipyy\/wp-json\/wp\/v2\/posts\/16131\/revisions\/16133"}],"wp:featuredmedia":[{"embeddable":true,"href":"https:\/\/www.kuntsi.net\/viipyy\/wp-json\/wp\/v2\/media\/16132"}],"wp:attachment":[{"href":"https:\/\/www.kuntsi.net\/viipyy\/wp-json\/wp\/v2\/media?parent=16131"}],"wp:term":[{"taxonomy":"category","embeddable":true,"href":"https:\/\/www.kuntsi.net\/viipyy\/wp-json\/wp\/v2\/categories?post=16131"},{"taxonomy":"post_tag","embeddable":true,"href":"https:\/\/www.kuntsi.net\/viipyy\/wp-json\/wp\/v2\/tags?post=16131"}],"curies":[{"name":"wp","href":"https:\/\/api.w.org\/{rel}","templated":true}]}}