{"id":16192,"date":"2017-02-07T19:53:50","date_gmt":"2017-02-07T17:53:50","guid":{"rendered":"http:\/\/www.kuntsi.net\/viipyy\/?p=16192"},"modified":"2017-03-27T06:48:30","modified_gmt":"2017-03-27T03:48:30","slug":"paitaa-ja-galluppia-2017","status":"publish","type":"post","link":"https:\/\/www.kuntsi.net\/viipyy\/paitaa-ja-galluppia-2017\/","title":{"rendered":"Paitaa ja galluppia 2017"},"content":{"rendered":"<p><strong>Viipyy-gallup 2017<\/strong><\/p>\n<p>6.3.2017 pidet\u00e4\u00e4n perinteinen talvipalaveri t\u00e4ll\u00e4kertaa Kaupungintalon lautakuntien huoneessa. Infotaan tarkemmin l\u00e4hemp\u00e4n\u00e4 H-hetke\u00e4. Paikanp\u00e4lle ovat tervetulleita kaikki py\u00f6r\u00e4ilyst\u00e4 kiinnostuneet! Tuumaillaan hieman tulevaa py\u00f6r\u00e4ilykes\u00e4\u00e4 ja mink\u00e4laista toimintaa sinne j\u00e4rjestett\u00e4isiin. Meit\u00e4 on pieni mutta tehokas aktiivien porukka joka mielell\u00e4\u00e4n j\u00e4rkk\u00e4ilee jotain, joten nyt haluttaisiin tiet\u00e4\u00e4 ett\u00e4 mink\u00e4laiseen toimintaan panokset laitetaan t\u00e4n\u00e4 kes\u00e4n\u00e4. Sivun lopussa on linkki galluppiin,\u00a0joten tuumaileppa hetki ja mieti mink\u00e4laista toimintaa sin\u00e4 toivoisit meid\u00e4n j\u00e4rjest\u00e4v\u00e4n tai tekev\u00e4n. T\u00e4rke\u00e4 gallup jonka tulos antaa meille suuntaviivoja tuohon maaliskuun alun palaveriin.<\/p>\n<p><span style=\"color: #ff0000;\"><strong>HUOM!\u00a0<\/strong>Vastausaika galluppiin p\u00e4\u00e4ttynyt! Lue tuloksista =&gt; <a href=\"http:\/\/www.kuntsi.net\/viipyy\/viipyyn-talvipalaverin-2017-satoa\/\">Viipyyn talvipalaverin 2017 satoa<\/a><\/span><\/p>\n<p><strong>Viipyyn virallinen tekninen paita 2017<\/strong><\/p>\n<p><img loading=\"lazy\" decoding=\"async\" class=\"alignright wp-image-16179 size-medium\" src=\"http:\/\/www.kuntsi.net\/viipyy\/wp-content\/uploads\/2017\/02\/paidat_ver2-262x300.png\" width=\"262\" height=\"300\" srcset=\"https:\/\/www.kuntsi.net\/viipyy\/wp-content\/uploads\/2017\/02\/paidat_ver2-262x300.png 262w, https:\/\/www.kuntsi.net\/viipyy\/wp-content\/uploads\/2017\/02\/paidat_ver2.png 394w\" sizes=\"auto, (max-width: 262px) 100vw, 262px\" \/>Gallupin toinen osa koskee teknist\u00e4 paitaa jollaista t\u00e4ss\u00e4 on jo jonkin aikaa toivottu Viipyyn v\u00e4reiss\u00e4 vaikka py\u00f6r\u00e4ilypaidaksi. Sellainen hankitaan ja pikaisen Facebook-gallupin mukaan reilu 10 paitaa olisi heti l\u00e4hd\u00f6ss\u00e4. Pist\u00e4h\u00e4n pdf:n toisella sivulla KYLL\u00c4 jos paita kiinnostaa ja mink\u00e4 kokoista ja kuinka monta kappaletta. Kun alustava tilaajam\u00e4\u00e4r\u00e4 on selvill\u00e4, varmistetaan paidan lopullinen hinta ja varmistan tilauksen viel\u00e4 jokaiselta henkil\u00f6kohtaisesti.<\/p>\n<p><span style=\"color: #ff0000;\"><strong>HUOM! <\/strong>Paidan varausaika p\u00e4\u00e4ttynyt ja paidat on halukkaille laitettu tilaukseen. Tilaajille ilmoitellaan jatkotoimenpiteist\u00e4 mm. s\u00e4hk\u00f6postitse.<\/span><\/p>\n<p>=&gt; <a href=\"http:\/\/www.kuntsi.net\/viipyy\/viipyy\/viipyy-paita-2017\/\">Lis\u00e4tietoja paidasta ja tilausprosessista<\/a><\/p>\n<p>=&gt; <a href=\"http:\/\/www.kuntsi.net\/viipyy\/tiedostot\/Viipyy-gallup_2017.pdf\">Linkki galluppiin<\/a>\u00a0(pdf)<br \/>\n=&gt; <a href=\"http:\/\/www.kuntsi.net\/viipyy\/tiedostot\/viipyy-gallup_2017.doc\">Linkki galluppiin<\/a> (doc, esim. word-muoto)<br \/>\n=&gt; <a href=\"http:\/\/www.kuntsi.net\/viipyy\/tiedostot\/viipyy_gallup_2017.xls\">Linkki galluppiin<\/a> (xls, esim. excell)<\/p>\n<p>Ohje:<\/p>\n<p>Klikkaa haluaamasi linkki\u00e4 hiiren oikealla ja selaimestasi riippuen esim. &#8221;tallenna linkki nimell\u00e4&#8221; (Chrome) tai &#8221;tallenna kohde levylle&#8221; (Firefox).<\/p>\n","protected":false},"excerpt":{"rendered":"<p>Viipyy-gallup 2017 6.3.2017 pidet\u00e4\u00e4n perinteinen talvipalaveri t\u00e4ll\u00e4kertaa Kaupungintalon lautakuntien huoneessa. Infotaan tarkemmin l\u00e4hemp\u00e4n\u00e4 H-hetke\u00e4. Paikanp\u00e4lle ovat tervetulleita kaikki py\u00f6r\u00e4ilyst\u00e4 kiinnostuneet! Tuumaillaan hieman tulevaa py\u00f6r\u00e4ilykes\u00e4\u00e4 ja mink\u00e4laista toimintaa sinne j\u00e4rjestett\u00e4isiin. Meit\u00e4 on pieni mutta tehokas aktiivien porukka joka mielell\u00e4\u00e4n j\u00e4rkk\u00e4ilee jotain, &hellip; <a href=\"https:\/\/www.kuntsi.net\/viipyy\/paitaa-ja-galluppia-2017\/\">Lue loppuun <span class=\"meta-nav\">&rarr;<\/span><\/a><\/p>\n","protected":false},"author":1,"featured_media":16179,"comment_status":"open","ping_status":"open","sticky":false,"template":"","format":"standard","meta":{"footnotes":""},"categories":[1],"tags":[80,81],"class_list":["post-16192","post","type-post","status-publish","format-standard","has-post-thumbnail","hentry","category-yleinen","tag-gallup","tag-viipyy-palaveri"],"_links":{"self":[{"href":"https:\/\/www.kuntsi.net\/viipyy\/wp-json\/wp\/v2\/posts\/16192","targetHints":{"allow":["GET"]}}],"collection":[{"href":"https:\/\/www.kuntsi.net\/viipyy\/wp-json\/wp\/v2\/posts"}],"about":[{"href":"https:\/\/www.kuntsi.net\/viipyy\/wp-json\/wp\/v2\/types\/post"}],"author":[{"embeddable":true,"href":"https:\/\/www.kuntsi.net\/viipyy\/wp-json\/wp\/v2\/users\/1"}],"replies":[{"embeddable":true,"href":"https:\/\/www.kuntsi.net\/viipyy\/wp-json\/wp\/v2\/comments?post=16192"}],"version-history":[{"count":8,"href":"https:\/\/www.kuntsi.net\/viipyy\/wp-json\/wp\/v2\/posts\/16192\/revisions"}],"predecessor-version":[{"id":16288,"href":"https:\/\/www.kuntsi.net\/viipyy\/wp-json\/wp\/v2\/posts\/16192\/revisions\/16288"}],"wp:featuredmedia":[{"embeddable":true,"href":"https:\/\/www.kuntsi.net\/viipyy\/wp-json\/wp\/v2\/media\/16179"}],"wp:attachment":[{"href":"https:\/\/www.kuntsi.net\/viipyy\/wp-json\/wp\/v2\/media?parent=16192"}],"wp:term":[{"taxonomy":"category","embeddable":true,"href":"https:\/\/www.kuntsi.net\/viipyy\/wp-json\/wp\/v2\/categories?post=16192"},{"taxonomy":"post_tag","embeddable":true,"href":"https:\/\/www.kuntsi.net\/viipyy\/wp-json\/wp\/v2\/tags?post=16192"}],"curies":[{"name":"wp","href":"https:\/\/api.w.org\/{rel}","templated":true}]}}