{"id":16224,"date":"2017-03-19T18:42:29","date_gmt":"2017-03-19T16:42:29","guid":{"rendered":"http:\/\/www.kuntsi.net\/viipyy\/?p=16224"},"modified":"2017-03-19T18:42:29","modified_gmt":"2017-03-19T16:42:29","slug":"viipyyn-talvipalaverin-2017-satoa","status":"publish","type":"post","link":"https:\/\/www.kuntsi.net\/viipyy\/viipyyn-talvipalaverin-2017-satoa\/","title":{"rendered":"Viipyyn talvipalaverin 2017 satoa"},"content":{"rendered":"<p><img loading=\"lazy\" decoding=\"async\" class=\"alignright size-medium wp-image-16225\" src=\"http:\/\/www.kuntsi.net\/viipyy\/wp-content\/uploads\/2017\/03\/palaveri_2017-300x225.png\" alt=\"\" width=\"300\" height=\"225\" srcset=\"https:\/\/www.kuntsi.net\/viipyy\/wp-content\/uploads\/2017\/03\/palaveri_2017-300x225.png 300w, https:\/\/www.kuntsi.net\/viipyy\/wp-content\/uploads\/2017\/03\/palaveri_2017-400x300.png 400w, https:\/\/www.kuntsi.net\/viipyy\/wp-content\/uploads\/2017\/03\/palaveri_2017.png 600w\" sizes=\"auto, (max-width: 300px) 100vw, 300px\" \/>6.3.2017 kokoontui Viitasaaren kaupungitalon lautakuntien huoneeseen 15 py\u00f6r\u00e4ilij\u00e4\u00e4 juonimaan tulevaa py\u00f6r\u00e4ilykautta 2017 Viipyy nimen alla. Mik\u00e4 on Viipyy? Mit\u00e4 se tekee? Milloin ja Miten?<\/p>\n<p>Ennen palaveria oli l\u00e4hetelty yli kahdeksallekymmenelle Kilometrikisassa mukana olleelle viipyy-py\u00f6r\u00e4ilij\u00e4lle kysely &#8221;<a href=\"http:\/\/www.kuntsi.net\/viipyy\/tiedostot\/Viipyy-gallup_2017.pdf\">Viipyy-gallup 2017<\/a>&#8221; jossa tiedusteltiin millaista toimintaa v\u00e4ki haluaisi t\u00e4n\u00e4 vuonna.\u00a0Vastaajille oli annettu k\u00e4ytt\u00f6\u00f6ns\u00e4 13 pistett\u00e4 jotka sai jakaa haluamallaan tavalla tarjotuille aihealueille ja t\u00e4m\u00e4n lis\u00e4ksi oli varattu tilaa omille ehdotuksille. Vastauksia tuli m\u00e4\u00e4r\u00e4aikaan menness\u00e4 19 kappaletta ja kokouksen alussa esiteltiin Viipy-gallupin tulokset.<\/p>\n<p><a href=\"http:\/\/www.kuntsi.net\/viipyy\/wp-content\/uploads\/2017\/03\/Kuva2.png\" rel=\"attachment wp-att-16226\"><img loading=\"lazy\" decoding=\"async\" class=\"aligncenter size-full wp-image-16226\" src=\"http:\/\/www.kuntsi.net\/viipyy\/wp-content\/uploads\/2017\/03\/Kuva2.png\" alt=\"\" width=\"936\" height=\"320\" srcset=\"https:\/\/www.kuntsi.net\/viipyy\/wp-content\/uploads\/2017\/03\/Kuva2.png 936w, https:\/\/www.kuntsi.net\/viipyy\/wp-content\/uploads\/2017\/03\/Kuva2-300x103.png 300w, https:\/\/www.kuntsi.net\/viipyy\/wp-content\/uploads\/2017\/03\/Kuva2-768x263.png 768w, https:\/\/www.kuntsi.net\/viipyy\/wp-content\/uploads\/2017\/03\/Kuva2-500x171.png 500w\" sizes=\"auto, (max-width: 936px) 100vw, 936px\" \/><\/a><\/p>\n<p>Tulokset ryhmiteltiin kahteen taulukkoon. Ensimm\u00e4isess\u00e4 taulukossa oli kunkin aiheen saamat kokonaispisteet ja kuinka monta prosenttia se oli saanut 247 pisteen kokonaispotista. Toisessa taulukossa oli tuloksina kuinka moni 19 \u00e4\u00e4nest\u00e4j\u00e4st\u00e4 oli aiheelle antanut pisteit\u00e4 ja sama prosentein. Taulukoihin oli my\u00f6s aihealueita ryhmitelty hieman v\u00e4rein eli vihre\u00e4ll\u00e4 oli py\u00f6r\u00e4lenkkitoimintaan liittyv\u00e4t aiheet, keltaisella kilometrikisa, oranssilla py\u00f6r\u00e4ilykauden avaustapahtuma ja niin edelleen.<\/p>\n<p>Tulokset olivat selke\u00e4t eiv\u00e4tk\u00e4 tuoneet juuri yll\u00e4tyksi\u00e4. Viipyylt\u00e4 toivottiin ennenkaikkea lenkkitoimintaa se monissa muodoissa. Py\u00f6r\u00e4ily-yhdistyksen perustamista ei katsottu tarpeelliseksi t\u00e4ll\u00e4 hetkell\u00e4. Kilometrikisasta Viipyyn toiminta on kev\u00e4\u00e4ll\u00e4 2013 startannut ja se katsottiin edelleen vahvaksi kokoavaksi voimaksi joka sitten johtaa moneen muuhun toimintaan. My\u00f6s jonkinlaiselle py\u00f6r\u00e4ilyn avaustapahtumalle katsottiin olevan tilausta. Porukka makusteli hetken aikaa tuloksia ja p\u00e4\u00e4tyi siihen ett\u00e4 Viipyyn teht\u00e4v\u00e4 tulevalla kaudella on &#8221;Py\u00f6r\u00e4ilyn ilosanoman levitt\u00e4minen ja lenkkitoiminan j\u00e4rjest\u00e4minen Viitasaarella&#8221;.<\/p>\n<p>Gallupin tulokset pohjana kokouksessa p\u00e4\u00e4tettiin seuraavaa:<\/p>\n<ul>\n<li>Lenkkitoimintaa laajennetaan t\u00e4n\u00e4 vuonna lis\u00e4\u00e4 soralle ja maastoon. Uusina reittin\u00e4 testataan Koliman kiertoa ja Viitakangas &#8211; Viitaj\u00e4rvi reitti\u00e4 (Wiikinkartanon Pizzaperjantai?)<\/li>\n<li>Kilometrikisan p\u00e4\u00e4t\u00f6slenkki voitaisiin t\u00e4n\u00e4kin vuonna ajaa Vuorilahden suunnalla. Kolarin Ristolla on kuulemma viel\u00e4 reittej\u00e4 hihassaan.<\/li>\n<li>Jypsin j\u00e4rjest\u00e4m\u00e4\u00e4n <a href=\"http:\/\/www.jyps.fi\/c99-keskustelu-ja-tiedotus\/c20-tiedotteet\/keski-suomi-pyorailee-hankkeelle-valtionapua\">Keski-Suomi py\u00f6r\u00e4ilee<\/a> kuntakiertueeseen osallistutaan mahdollisuuksien mukaan jos yksi etapeista on Viitasaari. Ilmoitetaan j\u00e4rjest\u00e4jille sopivia yleis\u00f6tapahtumia Viitasaarella joihin kuntakiertueen voisi liitt\u00e4\u00e4.<\/li>\n<li>Viipyy osallistuu <a href=\"http:\/\/100pyorailytekoa.fi\/\">100 py\u00f6r\u00e4ilytekoa <\/a>kamppanjaan. Tavoite ei yht\u00e4\u00e4n enemp\u00e4\u00e4 eik\u00e4 v\u00e4hemp\u00e4\u00e4: <strong>100 py\u00f6r\u00e4ilij\u00e4\u00e4 Viipyyn joukkueeseen kes\u00e4ll\u00e4 2017<\/strong>! Kaikille mukaanl\u00e4hteneille ja kilometrej\u00e4 ajaneille luovutetaan Viipyy-gaalan yhteydess\u00e4 kunniakirjat johon on merkitty py\u00f6r\u00e4ilij\u00e4n nimi, joukkue ja ajettu kilometrim\u00e4\u00e4r\u00e4. Tutkitaan muita palkitsemismahdollisuuksia ja sponsorikuvioita niihin. Mainontaan ja rekrytointiin panostetaan kaksin k\u00e4sin.<\/li>\n<li>Osallistutaan Reservil\u00e4isten Suomi 100 vuotta py\u00f6r\u00e4marssiin jossa vieraillaan Viitasaaren ja Kannonkosken sankarihaudoilla. Reservil\u00e4isi\u00e4 avustetaan mainostamalla tapahtumaa Viipyyn sivuilla ja sosiaalisessa mediassa<\/li>\n<li>100+100 viikonloppupy\u00f6r\u00e4ily suunnataan t\u00e4n\u00e4 vuonna Urjanlinnaan. Reittisuunnitelma ja paikat katsottiin jo kes\u00e4ll\u00e4 2016 kuntoon, mutta retki j\u00e4i huonon s\u00e4\u00e4n ja perumisten vuoksi ajamatta. Joten k\u00e4ytet\u00e4\u00e4n t\u00e4n\u00e4 vuonna valmiit suunnitelmat.<\/li>\n<li><a href=\"http:\/\/www.unelmienliikuntapaiva.fi\/hae-tapahtumia-10.5\">Unelmien liikuntap\u00e4iv\u00e4\u00e4n <\/a>kelien ja mahdollisuuksien mukaan esimerkiksi Tour de Viitasaari popup-maastopy\u00f6r\u00e4lenkki<\/li>\n<li><a href=\"http:\/\/www.kuntsi.net\/viipyy\/tapahtumat\/?event=62\">Summasaari maastoduathloniin<\/a> (5 km juoksua, 20 km py\u00f6r\u00e4ily\u00e4, 2,5 km juoksua) kannustetaan Viipyyl\u00e4isi\u00e4 osallistumaan. Ei mit\u00e4\u00e4n hampaat-irvess\u00e4 kisailua (vaikka siell\u00e4 numerolaput ly\u00f6d\u00e4\u00e4nkin rintaan) vaan l\u00e4hdet\u00e4\u00e4n pit\u00e4m\u00e4\u00e4n 2-3 hengen joukkueilla hauskaa. Pari joukkuetta onkin jo kytem\u00e4ss\u00e4 tapahtumaan.<\/li>\n<\/ul>\n","protected":false},"excerpt":{"rendered":"<p>6.3.2017 kokoontui Viitasaaren kaupungitalon lautakuntien huoneeseen 15 py\u00f6r\u00e4ilij\u00e4\u00e4 juonimaan tulevaa py\u00f6r\u00e4ilykautta 2017 Viipyy nimen alla. Mik\u00e4 on Viipyy? Mit\u00e4 se tekee? Milloin ja Miten? Ennen palaveria oli l\u00e4hetelty yli kahdeksallekymmenelle Kilometrikisassa mukana olleelle viipyy-py\u00f6r\u00e4ilij\u00e4lle kysely &#8221;Viipyy-gallup 2017&#8221; jossa tiedusteltiin millaista &hellip; <a href=\"https:\/\/www.kuntsi.net\/viipyy\/viipyyn-talvipalaverin-2017-satoa\/\">Lue loppuun <span class=\"meta-nav\">&rarr;<\/span><\/a><\/p>\n","protected":false},"author":1,"featured_media":16225,"comment_status":"open","ping_status":"open","sticky":false,"template":"","format":"standard","meta":{"footnotes":""},"categories":[1],"tags":[],"class_list":["post-16224","post","type-post","status-publish","format-standard","has-post-thumbnail","hentry","category-yleinen"],"_links":{"self":[{"href":"https:\/\/www.kuntsi.net\/viipyy\/wp-json\/wp\/v2\/posts\/16224","targetHints":{"allow":["GET"]}}],"collection":[{"href":"https:\/\/www.kuntsi.net\/viipyy\/wp-json\/wp\/v2\/posts"}],"about":[{"href":"https:\/\/www.kuntsi.net\/viipyy\/wp-json\/wp\/v2\/types\/post"}],"author":[{"embeddable":true,"href":"https:\/\/www.kuntsi.net\/viipyy\/wp-json\/wp\/v2\/users\/1"}],"replies":[{"embeddable":true,"href":"https:\/\/www.kuntsi.net\/viipyy\/wp-json\/wp\/v2\/comments?post=16224"}],"version-history":[{"count":1,"href":"https:\/\/www.kuntsi.net\/viipyy\/wp-json\/wp\/v2\/posts\/16224\/revisions"}],"predecessor-version":[{"id":16227,"href":"https:\/\/www.kuntsi.net\/viipyy\/wp-json\/wp\/v2\/posts\/16224\/revisions\/16227"}],"wp:featuredmedia":[{"embeddable":true,"href":"https:\/\/www.kuntsi.net\/viipyy\/wp-json\/wp\/v2\/media\/16225"}],"wp:attachment":[{"href":"https:\/\/www.kuntsi.net\/viipyy\/wp-json\/wp\/v2\/media?parent=16224"}],"wp:term":[{"taxonomy":"category","embeddable":true,"href":"https:\/\/www.kuntsi.net\/viipyy\/wp-json\/wp\/v2\/categories?post=16224"},{"taxonomy":"post_tag","embeddable":true,"href":"https:\/\/www.kuntsi.net\/viipyy\/wp-json\/wp\/v2\/tags?post=16224"}],"curies":[{"name":"wp","href":"https:\/\/api.w.org\/{rel}","templated":true}]}}