{"id":16463,"date":"2020-01-14T18:53:29","date_gmt":"2020-01-14T16:53:29","guid":{"rendered":"http:\/\/www.kuntsi.net\/viipyy\/?p=16463"},"modified":"2022-11-29T14:33:54","modified_gmt":"2022-11-29T12:33:54","slug":"viipyyn-talvipalaverin-2020-satoa","status":"publish","type":"post","link":"https:\/\/www.kuntsi.net\/viipyy\/viipyyn-talvipalaverin-2020-satoa\/","title":{"rendered":"Viipyyn talvipalaverin 2020 satoa"},"content":{"rendered":"\n<p>Sunnuntaina 12.1.2020 kokoontui 10 viipyyl\u00e4ist\u00e4 py\u00f6r\u00e4ilij\u00e4\u00e4 Viitasaaren seurakunnan takkatuvalle Lummeniemeen pohtimaan miss\u00e4 Viipyy ajelee t\u00e4n\u00e4 talvena ja ensi kes\u00e4n\u00e4. Ohjenuoraksi otettiin <a href=\"http:\/\/www.kuntsi.net\/viipyy\/viipyyn-talvipalaverin-2017-satoa\/\">Viipyyn talvipalaverin 2017<\/a> tulokset jolloin oli kyselty py\u00f6r\u00e4ilij\u00f6ilt\u00e4 mitk\u00e4 olisivat Viipyyn suuntaviivat tulevaisuudelle. Silloin py\u00f6r\u00e4ilij\u00e4t toivoivat pitki\u00e4 ja lyhyit\u00e4 lenkkej\u00e4 ja my\u00f6s rauhalliseen tahtiin kansallista kilometrikisaa unohtamatta. Ja t\u00e4ss\u00e4p\u00e4 muutamia ajatuksia muistiin mit\u00e4 t\u00e4n\u00e4 vuonna voitaisiin touhuta.<\/p>\n\n\n\n<p><\/p>\n\n\n\n<p>Talvikilometrikisa on startannut ja mukaan on Viipyyn joukkueeseen ilmottautunut 9 py\u00f6r\u00e4ilij\u00e4\u00e4 joista 8 on merkinnyt kilometrej\u00e4 yhteiseen saldoon. Kisa p\u00e4\u00e4ttyy sopivasti lauantaip\u00e4iv\u00e4n\u00e4 (29.2.) joten siihen voitaisiin ottaa p\u00e4\u00e4t\u00f6slenkki esimerkiksi jollekkin l\u00e4hilaavulle. Tuumaillaan sit\u00e4 l\u00e4hemp\u00e4n\u00e4 p\u00e4\u00e4t\u00f6sp\u00e4iv\u00e4\u00e4.<\/p>\n\n\n\n<p>Kes\u00e4kilometrikisa starttaa 1.5. jolloin suoritetaan perinteinen vappumarssi Viipyyn toimesta. Suunta ja matka j\u00e4tettiin viel\u00e4 avoimeksi. J\u00e4\u00e4d\u00e4\u00e4n kuulolle mit\u00e4 l\u00e4hiseudun kioskeja on jo silloin auki. Viipyyn riveist\u00e4 muistutettiin ett\u00e4 Martti availee Lottamajaa my\u00f6s vappuna joten siin\u00e4 on yksi vaihtoehto lenkin p\u00e4\u00e4tepisteeksi. <\/p>\n\n\n\n<p>17.5. sunnuntaina on Viitasaaren seurakunnan j\u00e4rjest\u00e4m\u00e4 kev\u00e4ttapahtuma. Tapahtumaan kuuluu luontokirkkoa ja muuta luontoon ja luonnossa liikkumiseen liittyv\u00e4\u00e4 ohjelmaa. Ajatusta heitettiin ilmoille ett\u00e4 tuolloin Viipyy voisi olla mukana esittelem\u00e4ss\u00e4 toimintaa, py\u00f6r\u00e4ily\u00e4 luonnossa liikkumisen v\u00e4lineen\u00e4 ja mahdollisesti my\u00f6s j\u00e4rjest\u00e4\u00e4 pient\u00e4 huoltotoimintaa polkupy\u00f6rille.<\/p>\n\n\n\n<p>Lenkkitoiminta her\u00e4tti keskustelua pidemm\u00e4stikkin. S\u00e4\u00e4nn\u00f6llinen viikkolenkki ei ole oikein ottanut tuulta purjeisiin, mutta siit\u00e4 ei viel\u00e4 haluttu luopuakkaan. Joten p\u00e4\u00e4tettiin ett\u00e4 kes\u00e4n korvilla sovitaan joku p\u00e4iv\u00e4 ja kellonaika jolloin torille voi kokoontua kyselem\u00e4\u00e4n lenkkiseuraa ja paikallaolijat tuumailevat suunnan ja matkan. Sen lis\u00e4ksi tuttu Viipyyn <strong>WhatsApp-<\/strong>ryhm\u00e4ss\u00e4 huutelu on hyv\u00e4 tapa kysell\u00e4 lenkkiseuraa. Tai vaikka pienemm\u00e4ll\u00e4 porukalla suunnittelee lenkin ja sitten ilmoittelee WA-ryhm\u00e4ss\u00e4 milloin ollaan l\u00e4hd\u00f6ss\u00e4 ja muut tarvittavat speksit.<\/p>\n\n\n\n<p>(Viipyyn <strong>WhatsApp<\/strong>-ryhm\u00e4\u00e4n p\u00e4\u00e4see mukaan laittamalla viesti\u00e4 Markus Kauppiselle numeroon 045 875 6875)<\/p>\n\n\n\n<p>Lenkkitoiminassa oli puhetta sorajaoston lenkeist\u00e4 ja eniten kiinnostusta oli kuntamme j\u00e4rvien kiertoon. Ty\u00f6nimin\u00e4 vilahteli mm. Tour de Kolima, Tour de Kolkku ja Tour de Yl\u00e4-Keitele. <\/p>\n\n\n\n<p>Kansalaisopistolla on tarjolla Viipyyst\u00e4kin tutun Keijo Kuhan vet\u00e4m\u00e4 &#8221;<a href=\"https:\/\/opistopalvelut.fi\/viitaseutu\/course.php?l=fi&amp;t=3116\">Polkupy\u00f6r\u00e4t kes\u00e4kuntoon<\/a>&#8221;-kurssi 19.3.-16.4. Joten nyt sinne vain porukalla pist\u00e4m\u00e4\u00e4n fillareita kuntoon huippuosaajan avustuksella.<\/p>\n\n\n\n<p>Viikonlopun pidemp\u00e4\u00e4 py\u00f6r\u00e4retke\u00e4 on taas kyselty joten sellaista aletaan suunnittelemaan. Paikallaolijoiden pikagallup suuntaisi Savon suuntaan ja Kuopion ymp\u00e4rist\u00f6\u00f6n. Strategia olisi siirty\u00e4 lauantaiaamuna autoilla Kuopion tukikohtaan ja siell\u00e4 suorittaa py\u00f6r\u00e4lenkki l\u00e4hiymp\u00e4rist\u00f6ss\u00e4. Tukikohdassa y\u00f6pyminen ja rentoutuminen ja sunnuntaina toinen lenkki hieman eri suuntaan. Alustavat viikonloput olisivat 15.-18.8. ja 22.-23.8. Ty\u00f6ryhm\u00e4 Koivisto, Kuntsi &amp; 2xRuuska ottaa tapahtuman haltuun ja suunnittelee sopivat paikat ja reitit.<\/p>\n\n\n\n<p>Palaverin p\u00e4\u00e4tteeksi jaettiin vuoden tauon j\u00e4lkeen Viipyyn legendaarinen Vuoden py\u00f6r\u00e4ilyteko -pysti. T\u00e4n\u00e4 vuonna raati oli saanut kasaan 437 500,20 syyt\u00e4 miksi palkinto ojennettiin kyseiselle henkil\u00f6lle. Tuo on se m\u00e4\u00e4r\u00e4 mink\u00e4 viitasaarelainen py\u00f6r\u00e4ily joukkue on ajanut kilometrej\u00e4 yhteens\u00e4 13 eri kilometrikisassa vuodesta 2013. T\u00e4m\u00e4 viipyyl\u00e4inen on ollut suuresti mukana siin\u00e4 ett\u00e4 viitasaarelaiset py\u00f6r\u00e4ilij\u00e4t p\u00e4\u00e4tyiv\u00e4t saman lipun (ja paidan) alle ja h\u00e4n on ollut j\u00e4rjest\u00e4m\u00e4ss\u00e4 mm. kimppatilauksia py\u00f6r\u00e4tarvikkeille ja osille ja ollut apuna ja vinkkej\u00e4 antamassa py\u00f6r\u00e4nhankitaa suunnitteleville. Vuoden py\u00f6r\u00e4ilyteko 2019 pysti ojennettiin t\u00e4ll\u00e4 kertaa <strong>Petri Kuntsille<\/strong>.<br><br><br><\/p>\n\n\n\n<div class=\"wp-block-media-text alignwide\"><figure class=\"wp-block-media-text__media\"><img loading=\"lazy\" decoding=\"async\" width=\"634\" height=\"600\" src=\"http:\/\/www.kuntsi.net\/viipyy\/wp-content\/uploads\/2020\/01\/vuoden_py\u00f6r\u00e4ilyteko_2020.jpg\" alt=\"\" class=\"wp-image-16464\" srcset=\"https:\/\/www.kuntsi.net\/viipyy\/wp-content\/uploads\/2020\/01\/vuoden_py\u00f6r\u00e4ilyteko_2020.jpg 634w, https:\/\/www.kuntsi.net\/viipyy\/wp-content\/uploads\/2020\/01\/vuoden_py\u00f6r\u00e4ilyteko_2020-300x284.jpg 300w, https:\/\/www.kuntsi.net\/viipyy\/wp-content\/uploads\/2020\/01\/vuoden_py\u00f6r\u00e4ilyteko_2020-317x300.jpg 317w\" sizes=\"auto, (max-width: 634px) 100vw, 634px\" \/><\/figure><div class=\"wp-block-media-text__content\">\n\n<p style=\"text-align:left\">Petri Kuntsille luovutti Vuoden py\u00f6r\u00e4ilyteko pystin Tuula Pajum\u00e4ki (vuoden py\u00f6r\u00e4ilyteko palkinnon saaja 2017).<\/p>\n\n<\/div><\/div>\n","protected":false},"excerpt":{"rendered":"<p>Sunnuntaina 12.1.2020 kokoontui 10 viipyyl\u00e4ist\u00e4 py\u00f6r\u00e4ilij\u00e4\u00e4 Viitasaaren seurakunnan takkatuvalle Lummeniemeen pohtimaan miss\u00e4 Viipyy ajelee t\u00e4n\u00e4 talvena ja ensi kes\u00e4n\u00e4. Ohjenuoraksi otettiin Viipyyn talvipalaverin 2017 tulokset jolloin oli kyselty py\u00f6r\u00e4ilij\u00f6ilt\u00e4 mitk\u00e4 olisivat Viipyyn suuntaviivat tulevaisuudelle. Silloin py\u00f6r\u00e4ilij\u00e4t toivoivat pitki\u00e4 ja lyhyit\u00e4 &hellip; <a href=\"https:\/\/www.kuntsi.net\/viipyy\/viipyyn-talvipalaverin-2020-satoa\/\">Lue loppuun <span class=\"meta-nav\">&rarr;<\/span><\/a><\/p>\n","protected":false},"author":1,"featured_media":0,"comment_status":"open","ping_status":"open","sticky":false,"template":"","format":"standard","meta":{"footnotes":""},"categories":[1],"tags":[],"class_list":["post-16463","post","type-post","status-publish","format-standard","hentry","category-yleinen"],"_links":{"self":[{"href":"https:\/\/www.kuntsi.net\/viipyy\/wp-json\/wp\/v2\/posts\/16463","targetHints":{"allow":["GET"]}}],"collection":[{"href":"https:\/\/www.kuntsi.net\/viipyy\/wp-json\/wp\/v2\/posts"}],"about":[{"href":"https:\/\/www.kuntsi.net\/viipyy\/wp-json\/wp\/v2\/types\/post"}],"author":[{"embeddable":true,"href":"https:\/\/www.kuntsi.net\/viipyy\/wp-json\/wp\/v2\/users\/1"}],"replies":[{"embeddable":true,"href":"https:\/\/www.kuntsi.net\/viipyy\/wp-json\/wp\/v2\/comments?post=16463"}],"version-history":[{"count":15,"href":"https:\/\/www.kuntsi.net\/viipyy\/wp-json\/wp\/v2\/posts\/16463\/revisions"}],"predecessor-version":[{"id":16530,"href":"https:\/\/www.kuntsi.net\/viipyy\/wp-json\/wp\/v2\/posts\/16463\/revisions\/16530"}],"wp:attachment":[{"href":"https:\/\/www.kuntsi.net\/viipyy\/wp-json\/wp\/v2\/media?parent=16463"}],"wp:term":[{"taxonomy":"category","embeddable":true,"href":"https:\/\/www.kuntsi.net\/viipyy\/wp-json\/wp\/v2\/categories?post=16463"},{"taxonomy":"post_tag","embeddable":true,"href":"https:\/\/www.kuntsi.net\/viipyy\/wp-json\/wp\/v2\/tags?post=16463"}],"curies":[{"name":"wp","href":"https:\/\/api.w.org\/{rel}","templated":true}]}}