{"id":16569,"date":"2023-04-16T12:25:40","date_gmt":"2023-04-16T09:25:40","guid":{"rendered":"http:\/\/www.kuntsi.net\/viipyy\/?p=16569"},"modified":"2023-04-16T12:46:50","modified_gmt":"2023-04-16T09:46:50","slug":"pyorailykesa-2023","status":"publish","type":"post","link":"https:\/\/www.kuntsi.net\/viipyy\/pyorailykesa-2023\/","title":{"rendered":"Py\u00f6r\u00e4ilykes\u00e4 2023"},"content":{"rendered":"<div class=\"wp-block-image\">\n<figure class=\"alignright size-large is-resized\"><a href=\"http:\/\/www.kuntsi.net\/viipyy\/wp-content\/uploads\/2023\/04\/viipyy_palaveri_2023.jpg\"><img loading=\"lazy\" decoding=\"async\" src=\"http:\/\/www.kuntsi.net\/viipyy\/wp-content\/uploads\/2023\/04\/viipyy_palaveri_2023-576x1024.jpg\" alt=\"\" class=\"wp-image-16570\" width=\"209\" height=\"371\" srcset=\"https:\/\/www.kuntsi.net\/viipyy\/wp-content\/uploads\/2023\/04\/viipyy_palaveri_2023-576x1024.jpg 576w, https:\/\/www.kuntsi.net\/viipyy\/wp-content\/uploads\/2023\/04\/viipyy_palaveri_2023-169x300.jpg 169w, https:\/\/www.kuntsi.net\/viipyy\/wp-content\/uploads\/2023\/04\/viipyy_palaveri_2023.jpg 600w\" sizes=\"auto, (max-width: 209px) 100vw, 209px\" \/><\/a><\/figure><\/div>\n\n\n<p>13.4. kokoontui joukko viipyyl\u00e4isi\u00e4 ABC:lle juonimaan py\u00f6r\u00e4ilykes\u00e4\u00e4 2023. Tuumailtiin mit\u00e4 on aiempina vuosina tehty, mik\u00e4 on toiminut ja mik\u00e4 ei. Tunnin rupattelun j\u00e4lkeen p\u00e4\u00e4dyttiin muutamiin ideoihin, joita voitaisiin kes\u00e4n mittaa jatkojalostaa ja toteuttaa.<\/p>\n\n\n\n<p>Vappuna 1.5.2023 starttaa perinteinen kansallinen <a href=\"http:\/\/www.kilometrikisa.fi\" data-type=\"URL\" data-id=\"www.kilometrikisa.fi\">kilometrikisa<\/a>, jonka yhteyteen voitaisiin j\u00e4lleen j\u00e4rjest\u00e4\u00e4 vapaamuotoinen kilometrikisan avauslenkki. Seija ja Pertti lupasi suunnitella reitin noin suurinpiirtein taajaman rajojen sis\u00e4puolelle. <\/p>\n\n\n\n<p>Varsinaista s\u00e4\u00e4nn\u00f6llist\u00e4 viikkolenkkitoimintaa ei t\u00e4n\u00e4 kes\u00e4n\u00e4 j\u00e4rjestet\u00e4 vaan k\u00e4ytet\u00e4\u00e4n hyv\u00e4ksi havaittua keinoa lenkkiseuran huuteluun esim. Viipyyn Watsapp-ryhm\u00e4ss\u00e4. Lis\u00e4tietoja kanavista: <a href=\"http:\/\/www.kuntsi.net\/viipyy\/viipyy\/\" data-type=\"URL\" data-id=\"http:\/\/www.kuntsi.net\/viipyy\/viipyy\/\">Viipyy<\/a>.<\/p>\n\n\n\n<p>Joukkueen kapteeni lupasi j\u00e4rjest\u00e4\u00e4 muutaman soraajelun esim. Pyydysm\u00e4ki &#8211; Ilmolahti suuntaan tai pohjoiseen Viitakangas &#8211; Viitaj\u00e4rvi reiteille. <\/p>\n\n\n\n<p>Mikko tuumaili Tour de Kolkkuj\u00e4rvi ajelua jossa tukikohtana olisi m\u00f6kki Koliman rannalla.<\/p>\n\n\n\n<p>Loppukes\u00e4lle viikonlopun reissu jossa ajettaisiin autoilla jonnekkin hieman et\u00e4\u00e4mm\u00e4ksi, josta sitten parina p\u00e4iv\u00e4n\u00e4 suunnattaisiin ajelemaan hieman oudompiin maisemiin. Varteenotettavammaksi vaihtoehdoksi tuntui asettuvan Tikkakoski &#8211; Jyv\u00e4skyl\u00e4 alue ja edullinen majoituskin alkoi hahmottumaan.<\/p>\n\n\n\n<p>Koska Viipyy viett\u00e4\u00e4 10-vuotistaiteilijajuhlaa t\u00e4n\u00e4 vuonna, v\u00e4l\u00e4ytettiin ilmoille pient\u00e4 juhlahetke\u00e4 jahka kilometrikisan p\u00f6lyt saadaan pesty\u00e4 kamppeista. Eli lokakuun alussa kokoonnuttaisiin juomaan kupit kahvia juhlan kunniaksi ja muistelemaan hieman menneit\u00e4.<\/p>\n\n\n\n<p>Mahdollisista tapahtumista ja lenkeist\u00e4 ilmoitellaan Viipyyn sosiaalisissa kanavissa tarkemmin (Facebook, Whatsap) joten pysyk\u00e4\u00e4 kuulolla. <\/p>\n","protected":false},"excerpt":{"rendered":"<p>13.4. kokoontui joukko viipyyl\u00e4isi\u00e4 ABC:lle juonimaan py\u00f6r\u00e4ilykes\u00e4\u00e4 2023. Tuumailtiin mit\u00e4 on aiempina vuosina tehty, mik\u00e4 on toiminut ja mik\u00e4 ei. Tunnin rupattelun j\u00e4lkeen p\u00e4\u00e4dyttiin muutamiin ideoihin, joita voitaisiin kes\u00e4n mittaa jatkojalostaa ja toteuttaa. <a href=\"https:\/\/www.kuntsi.net\/viipyy\/pyorailykesa-2023\/\">Lue loppuun <span class=\"meta-nav\">&rarr;<\/span><\/a><\/p>\n","protected":false},"author":1,"featured_media":16570,"comment_status":"open","ping_status":"open","sticky":false,"template":"","format":"standard","meta":{"footnotes":""},"categories":[59],"tags":[17,10,8],"class_list":["post-16569","post","type-post","status-publish","format-standard","has-post-thumbnail","hentry","category-jutut","tag-kilometrikisa-2","tag-porukkalenkit","tag-tapahtumat"],"_links":{"self":[{"href":"https:\/\/www.kuntsi.net\/viipyy\/wp-json\/wp\/v2\/posts\/16569","targetHints":{"allow":["GET"]}}],"collection":[{"href":"https:\/\/www.kuntsi.net\/viipyy\/wp-json\/wp\/v2\/posts"}],"about":[{"href":"https:\/\/www.kuntsi.net\/viipyy\/wp-json\/wp\/v2\/types\/post"}],"author":[{"embeddable":true,"href":"https:\/\/www.kuntsi.net\/viipyy\/wp-json\/wp\/v2\/users\/1"}],"replies":[{"embeddable":true,"href":"https:\/\/www.kuntsi.net\/viipyy\/wp-json\/wp\/v2\/comments?post=16569"}],"version-history":[{"count":3,"href":"https:\/\/www.kuntsi.net\/viipyy\/wp-json\/wp\/v2\/posts\/16569\/revisions"}],"predecessor-version":[{"id":16574,"href":"https:\/\/www.kuntsi.net\/viipyy\/wp-json\/wp\/v2\/posts\/16569\/revisions\/16574"}],"wp:featuredmedia":[{"embeddable":true,"href":"https:\/\/www.kuntsi.net\/viipyy\/wp-json\/wp\/v2\/media\/16570"}],"wp:attachment":[{"href":"https:\/\/www.kuntsi.net\/viipyy\/wp-json\/wp\/v2\/media?parent=16569"}],"wp:term":[{"taxonomy":"category","embeddable":true,"href":"https:\/\/www.kuntsi.net\/viipyy\/wp-json\/wp\/v2\/categories?post=16569"},{"taxonomy":"post_tag","embeddable":true,"href":"https:\/\/www.kuntsi.net\/viipyy\/wp-json\/wp\/v2\/tags?post=16569"}],"curies":[{"name":"wp","href":"https:\/\/api.w.org\/{rel}","templated":true}]}}