{"id":16605,"date":"2024-02-04T21:31:35","date_gmt":"2024-02-04T19:31:35","guid":{"rendered":"https:\/\/www.kuntsi.net\/viipyy\/?p=16605"},"modified":"2024-02-04T21:32:29","modified_gmt":"2024-02-04T19:32:29","slug":"vuoden-2023-pyorailyteko-palkinto-antti-hiltuselle","status":"publish","type":"post","link":"https:\/\/www.kuntsi.net\/viipyy\/vuoden-2023-pyorailyteko-palkinto-antti-hiltuselle\/","title":{"rendered":"Vuoden 2023 py\u00f6r\u00e4ilyteko palkinto Antti Hiltuselle"},"content":{"rendered":"\n<p>Viitasaaren Py\u00f6r\u00e4ily-yhteis\u00f6n aktiivij\u00e4senen, Antti Hiltusen l\u00e4ht\u00f6juhlaa vietettiin Viitasaaren seurakuntatalolla 4.2.2024. Antti siirtyy Viitasaaren seurakunnan palveluksesta Tikkakoskelle, Jyv\u00e4skyl\u00e4n seurakunnan palvelukseen. L\u00e4ht\u00f6juhlan yhteydess\u00e4 Viitasaaren py\u00f6r\u00e4ily-yhteis\u00f6 palkitsi Antin Vuoden py\u00f6r\u00e4ilyteko palkinnolla. <br><br>Perustelut ovat:<br><br>&#8221;Vaikka Viipyy onkin ollut vapaamuotoinen, puolianarkistinen py\u00f6r\u00e4ily-yhteis\u00f6, olemme j\u00e4rjest\u00e4neen ensimm\u00e4isen 10 vuoden aika l\u00e4j\u00e4p\u00e4in tapahtumia, py\u00f6r\u00e4retkist\u00e4 kes\u00e4kausien avajaisiin, remonttipajoista 200 km py\u00f6retkiin ja pienemmist\u00e4 tuumailukokouksista t\u00e4ytekakkuja pursuaviin gaalailtoihin. Ja kaikki t\u00e4m\u00e4 tapahtunut ei ilmestynyt tyhj\u00e4st\u00e4. Tarvitaan ideoitsijoita, j\u00e4rjest\u00e4ji\u00e4 ja osallistujia. Ja ett\u00e4 Viipyyn porukassa on jotain j\u00e4rjestetty, niin Antti on aika usein ollut siin\u00e4 avainasemassa. T\u00f6n\u00e4issyt homman alkuun tai ottanut sen vetopaikan kun muilla on alkanut homma hyytym\u00e4\u00e4n. Antti, yhten\u00e4 \u201dperustajaj\u00e4senist\u00e4\u201d on koko 10 vuotisen viipyyuransa aikana edist\u00e4nyt Viitasaarelaista py\u00f6r\u00e4ilykulttuuria, Viitasaaren py\u00f6r\u00e4ily-yhteis\u00f6n toimintaa ja tuonut teoillaan ja puheillaan Viitasaarelle positiivista fillarihenke\u00e4.&#8221;<\/p>\n\n\n\n<p><br><br><\/p>\n\n\n\n<figure class=\"wp-block-image size-large is-resized\"><a href=\"https:\/\/www.kuntsi.net\/viipyy\/wp-content\/uploads\/2024\/02\/antin_palkitseminen_01.jpg\"><img loading=\"lazy\" decoding=\"async\" src=\"https:\/\/www.kuntsi.net\/viipyy\/wp-content\/uploads\/2024\/02\/antin_palkitseminen_01-1024x683.jpg\" alt=\"\" class=\"wp-image-16607\" width=\"670\" height=\"446\" srcset=\"https:\/\/www.kuntsi.net\/viipyy\/wp-content\/uploads\/2024\/02\/antin_palkitseminen_01-1024x683.jpg 1024w, https:\/\/www.kuntsi.net\/viipyy\/wp-content\/uploads\/2024\/02\/antin_palkitseminen_01-300x200.jpg 300w, https:\/\/www.kuntsi.net\/viipyy\/wp-content\/uploads\/2024\/02\/antin_palkitseminen_01-768x512.jpg 768w, https:\/\/www.kuntsi.net\/viipyy\/wp-content\/uploads\/2024\/02\/antin_palkitseminen_01-1536x1024.jpg 1536w, https:\/\/www.kuntsi.net\/viipyy\/wp-content\/uploads\/2024\/02\/antin_palkitseminen_01.jpg 2048w\" sizes=\"auto, (max-width: 670px) 100vw, 670px\" \/><\/a><figcaption class=\"wp-element-caption\">Palkinnon ojensi Viipyyn kilometrikisan kapteeni Petri Kuntsi (Kuva: Alpo Syv\u00e4nen)<\/figcaption><\/figure>\n\n\n\n<figure class=\"wp-block-image size-large\"><a href=\"https:\/\/www.kuntsi.net\/viipyy\/wp-content\/uploads\/2024\/02\/antin_palkitseminen_02.jpg\"><img loading=\"lazy\" decoding=\"async\" width=\"683\" height=\"1024\" src=\"https:\/\/www.kuntsi.net\/viipyy\/wp-content\/uploads\/2024\/02\/antin_palkitseminen_02-683x1024.jpg\" alt=\"\" class=\"wp-image-16608\" srcset=\"https:\/\/www.kuntsi.net\/viipyy\/wp-content\/uploads\/2024\/02\/antin_palkitseminen_02-683x1024.jpg 683w, https:\/\/www.kuntsi.net\/viipyy\/wp-content\/uploads\/2024\/02\/antin_palkitseminen_02-200x300.jpg 200w, https:\/\/www.kuntsi.net\/viipyy\/wp-content\/uploads\/2024\/02\/antin_palkitseminen_02-768x1151.jpg 768w, https:\/\/www.kuntsi.net\/viipyy\/wp-content\/uploads\/2024\/02\/antin_palkitseminen_02-1025x1536.jpg 1025w, https:\/\/www.kuntsi.net\/viipyy\/wp-content\/uploads\/2024\/02\/antin_palkitseminen_02.jpg 1366w\" sizes=\"auto, (max-width: 683px) 100vw, 683px\" \/><\/a><figcaption class=\"wp-element-caption\">Antti Hiltunen (Kuva: Alpo Syv\u00e4nen)<\/figcaption><\/figure>\n","protected":false},"excerpt":{"rendered":"<p>Viitasaaren Py\u00f6r\u00e4ily-yhteis\u00f6n aktiivij\u00e4senen, Antti Hiltusen l\u00e4ht\u00f6juhlaa vietettiin Viitasaaren seurakuntatalolla 4.2.2024. Antti siirtyy Viitasaaren seurakunnan palveluksesta Tikkakoskelle, Jyv\u00e4skyl\u00e4n seurakunnan palvelukseen. L\u00e4ht\u00f6juhlan yhteydess\u00e4 Viitasaaren py\u00f6r\u00e4ily-yhteis\u00f6 palkitsi Antin Vuoden py\u00f6r\u00e4ilyteko palkinnolla. Perustelut ovat: &#8221;Vaikka Viipyy onkin ollut vapaamuotoinen, puolianarkistinen py\u00f6r\u00e4ily-yhteis\u00f6, olemme j\u00e4rjest\u00e4neen ensimm\u00e4isen &hellip; <a href=\"https:\/\/www.kuntsi.net\/viipyy\/vuoden-2023-pyorailyteko-palkinto-antti-hiltuselle\/\">Lue loppuun <span class=\"meta-nav\">&rarr;<\/span><\/a><\/p>\n","protected":false},"author":1,"featured_media":0,"comment_status":"open","ping_status":"open","sticky":false,"template":"","format":"standard","meta":{"footnotes":""},"categories":[60,1],"tags":[22,57],"class_list":["post-16605","post","type-post","status-publish","format-standard","hentry","category-uutiset","category-yleinen","tag-palkinnot","tag-vuoden-pyorailyteko"],"_links":{"self":[{"href":"https:\/\/www.kuntsi.net\/viipyy\/wp-json\/wp\/v2\/posts\/16605","targetHints":{"allow":["GET"]}}],"collection":[{"href":"https:\/\/www.kuntsi.net\/viipyy\/wp-json\/wp\/v2\/posts"}],"about":[{"href":"https:\/\/www.kuntsi.net\/viipyy\/wp-json\/wp\/v2\/types\/post"}],"author":[{"embeddable":true,"href":"https:\/\/www.kuntsi.net\/viipyy\/wp-json\/wp\/v2\/users\/1"}],"replies":[{"embeddable":true,"href":"https:\/\/www.kuntsi.net\/viipyy\/wp-json\/wp\/v2\/comments?post=16605"}],"version-history":[{"count":8,"href":"https:\/\/www.kuntsi.net\/viipyy\/wp-json\/wp\/v2\/posts\/16605\/revisions"}],"predecessor-version":[{"id":16615,"href":"https:\/\/www.kuntsi.net\/viipyy\/wp-json\/wp\/v2\/posts\/16605\/revisions\/16615"}],"wp:attachment":[{"href":"https:\/\/www.kuntsi.net\/viipyy\/wp-json\/wp\/v2\/media?parent=16605"}],"wp:term":[{"taxonomy":"category","embeddable":true,"href":"https:\/\/www.kuntsi.net\/viipyy\/wp-json\/wp\/v2\/categories?post=16605"},{"taxonomy":"post_tag","embeddable":true,"href":"https:\/\/www.kuntsi.net\/viipyy\/wp-json\/wp\/v2\/tags?post=16605"}],"curies":[{"name":"wp","href":"https:\/\/api.w.org\/{rel}","templated":true}]}}