{"id":16626,"date":"2025-04-08T10:44:22","date_gmt":"2025-04-08T07:44:22","guid":{"rendered":"https:\/\/www.kuntsi.net\/viipyy\/?p=16626"},"modified":"2025-04-08T10:44:22","modified_gmt":"2025-04-08T07:44:22","slug":"viipyyn-pyorailyvuosi-2025","status":"publish","type":"post","link":"https:\/\/www.kuntsi.net\/viipyy\/viipyyn-pyorailyvuosi-2025\/","title":{"rendered":"Viipyyn py\u00f6r\u00e4ilyvuosi 2025"},"content":{"rendered":"\n<div class=\"wp-block-group is-nowrap is-layout-flex wp-container-core-group-is-layout-1 wp-block-group-is-layout-flex\">\n<p>1.4.2025 kokoonnuttiin Viitasaaren seurakuntatalolle tuumailemaan tulevaa py\u00f6r\u00e4ilykes\u00e4\u00e4. Tiedostettiin ett\u00e4 aktiivisuus on hiipunut huippuvuosista aika pieneksi, joten mit\u00e4\u00e4n mahtipontisia ei l\u00e4hdetty tavoittelemaan.<\/p>\n<\/div>\n\n\n\n<div class=\"wp-block-group is-nowrap is-layout-flex wp-container-core-group-is-layout-2 wp-block-group-is-layout-flex\">\n<p class=\"has-text-align-left\">Toukokuun 1. p\u00e4iv\u00e4 starttaa perinteinen kilometrikisa ja Viipyyn joukkue l\u00e4htee mukaan nyt 12. kertaa. L\u00e4hes yht\u00e4 perinteinen on kilometrikisan Vappu-avaus ja t\u00e4n\u00e4 vuonna otetaan ohjelmaan pitk\u00e4st\u00e4 aikaa hieman pidempi lenkki, eli k\u00e4yd\u00e4\u00e4n Huopanankosken kioskilla vappukahveilla. T\u00e4st\u00e4 ilmoittelut kanaviin l\u00e4hiaikoina. L\u00e4ht\u00f6 klo 12.00 torilta.<\/p>\n<\/div>\n\n\n\n<figure class=\"wp-block-image size-large\"><a href=\"https:\/\/www.kuntsi.net\/viipyy\/wp-content\/uploads\/2025\/04\/vappuavaus2024-1.jpg\"><img loading=\"lazy\" decoding=\"async\" width=\"1024\" height=\"576\" src=\"https:\/\/www.kuntsi.net\/viipyy\/wp-content\/uploads\/2025\/04\/vappuavaus2024-1-1024x576.jpg\" alt=\"\" class=\"wp-image-16638\" srcset=\"https:\/\/www.kuntsi.net\/viipyy\/wp-content\/uploads\/2025\/04\/vappuavaus2024-1-1024x576.jpg 1024w, https:\/\/www.kuntsi.net\/viipyy\/wp-content\/uploads\/2025\/04\/vappuavaus2024-1-300x169.jpg 300w, https:\/\/www.kuntsi.net\/viipyy\/wp-content\/uploads\/2025\/04\/vappuavaus2024-1-768x432.jpg 768w, https:\/\/www.kuntsi.net\/viipyy\/wp-content\/uploads\/2025\/04\/vappuavaus2024-1-1536x864.jpg 1536w, https:\/\/www.kuntsi.net\/viipyy\/wp-content\/uploads\/2025\/04\/vappuavaus2024-1.jpg 1600w\" sizes=\"auto, (max-width: 1024px) 100vw, 1024px\" \/><\/a><figcaption class=\"wp-element-caption\">Viipyyn vappuavaus 2024<\/figcaption><\/figure>\n\n\n\n<p>Optiona elokuun loppuun \/ syyskuun alkuun Seijan ja Antin j\u00e4rjest\u00e4m\u00e4n\u00e4 viikonlopun py\u00f6r\u00e4ilyreissu Jyv\u00e4skyl\u00e4n seudulle. Tukikohdan etsiminen (majoitus) ja paikan haarukointi l\u00e4hiaikoina.<\/p>\n\n\n\n<p>Kym\u00f6nkosken suunnalla ollaan huhujen mukaan j\u00e4rjest\u00e4m\u00e4ss\u00e4 py\u00f6r\u00e4lenkki\u00e4 kes\u00e4ll\u00e4. J\u00e4\u00e4d\u00e4\u00e4n kuulolle ja kun tarkemmat speksit selvi\u00e4\u00e4 niin mainostellaan Viipyynkanavilla ja osallistutaan tapahtumaan mahdollisuuksien mukaan.<\/p>\n\n\n\n<p>Tiedotus tuttuun tapaan Whatsapp-ryhm\u00e4ss\u00e4 ja Facebook-sivuilla joten ne seurantaan jos haluat lenkeille mukaan.<\/p>\n\n\n\n<p>Samalla tutkittiin l\u00e4hiseudun \/ -kuntien py\u00f6r\u00e4ilytapahtumia ja niist\u00e4kin voitaisiin ilmoitella Viipyyn kanavilla. Esim. Kiuruveden suunnalla j\u00e4rjestet\u00e4\u00e4n viiden kunnan alueella Tour de Koivuj\u00e4rven ymp\u00e4ripy\u00f6r\u00e4ily 7.6.2025. Lis\u00e4tietoja =><a href=\"https:\/\/www.koivujarvi.fi\/tour-de-koivujarven-ymparipyoraily\"> Tapahtuman kotisivuilla<\/a>. <\/p>\n","protected":false},"excerpt":{"rendered":"<p>1.4.2025 kokoonnuttiin Viitasaaren seurakuntatalolle tuumailemaan tulevaa py\u00f6r\u00e4ilykes\u00e4\u00e4. Tiedostettiin ett\u00e4 aktiivisuus on hiipunut huippuvuosista aika pieneksi, joten mit\u00e4\u00e4n mahtipontisia ei l\u00e4hdetty tavoittelemaan. Toukokuun 1. p\u00e4iv\u00e4 starttaa perinteinen kilometrikisa ja Viipyyn joukkue l\u00e4htee mukaan nyt 12. kertaa. L\u00e4hes yht\u00e4 perinteinen on kilometrikisan &hellip; <a href=\"https:\/\/www.kuntsi.net\/viipyy\/viipyyn-pyorailyvuosi-2025\/\">Lue loppuun <span class=\"meta-nav\">&rarr;<\/span><\/a><\/p>\n","protected":false},"author":1,"featured_media":0,"comment_status":"open","ping_status":"open","sticky":false,"template":"","format":"standard","meta":{"footnotes":""},"categories":[1],"tags":[],"class_list":["post-16626","post","type-post","status-publish","format-standard","hentry","category-yleinen"],"_links":{"self":[{"href":"https:\/\/www.kuntsi.net\/viipyy\/wp-json\/wp\/v2\/posts\/16626","targetHints":{"allow":["GET"]}}],"collection":[{"href":"https:\/\/www.kuntsi.net\/viipyy\/wp-json\/wp\/v2\/posts"}],"about":[{"href":"https:\/\/www.kuntsi.net\/viipyy\/wp-json\/wp\/v2\/types\/post"}],"author":[{"embeddable":true,"href":"https:\/\/www.kuntsi.net\/viipyy\/wp-json\/wp\/v2\/users\/1"}],"replies":[{"embeddable":true,"href":"https:\/\/www.kuntsi.net\/viipyy\/wp-json\/wp\/v2\/comments?post=16626"}],"version-history":[{"count":14,"href":"https:\/\/www.kuntsi.net\/viipyy\/wp-json\/wp\/v2\/posts\/16626\/revisions"}],"predecessor-version":[{"id":16642,"href":"https:\/\/www.kuntsi.net\/viipyy\/wp-json\/wp\/v2\/posts\/16626\/revisions\/16642"}],"wp:attachment":[{"href":"https:\/\/www.kuntsi.net\/viipyy\/wp-json\/wp\/v2\/media?parent=16626"}],"wp:term":[{"taxonomy":"category","embeddable":true,"href":"https:\/\/www.kuntsi.net\/viipyy\/wp-json\/wp\/v2\/categories?post=16626"},{"taxonomy":"post_tag","embeddable":true,"href":"https:\/\/www.kuntsi.net\/viipyy\/wp-json\/wp\/v2\/tags?post=16626"}],"curies":[{"name":"wp","href":"https:\/\/api.w.org\/{rel}","templated":true}]}}