{"id":454,"date":"2013-04-25T08:59:53","date_gmt":"2013-04-25T06:59:53","guid":{"rendered":"http:\/\/www.kuntsi.net\/wordpress\/?p=454"},"modified":"2015-08-10T15:23:32","modified_gmt":"2015-08-10T12:23:32","slug":"kilometrikisa-team-viitasaari-16","status":"publish","type":"post","link":"https:\/\/www.kuntsi.net\/viipyy\/kilometrikisa-team-viitasaari-16\/","title":{"rendered":"Kilometrikisa &#8211; Team Viitasaari (16)"},"content":{"rendered":"<p>27.3.2013 kirjoittelin <a href=\"http:\/\/www.kuntsi.net\/wordpress\/kilometrikisa-2013-team-viitasaari\/\">samasta asiasta<\/a> l\u00e4hes samalla otsikolla. Silloin per\u00e4ss\u00e4 oli sulkeissa kysymysmerkki. Olin laittanut muutaman tiedustelun siit\u00e4, ett\u00e4 saataisiinko kasaan viitaaarelainen joukkue viitasaarelaisista py\u00f6r\u00e4ilij\u00f6ist\u00e4 ja muutaman innokkaan vastauksen saatuani osasin olla jo varovaisen toiveikas ett\u00e4 saadaan kuin saadaankin kasaan se viisi py\u00f6r\u00e4ilij\u00e4\u00e4, eli t\u00e4ysm\u00e4\u00e4r\u00e4isen joukkueen. Nyt otsikon per\u00e4ss\u00e4 on sulkeissa numero kuusitoista. Kasassa on siis <strong>16 py\u00f6r\u00e4ilij\u00e4n joukkue<\/strong>! Olen enemm\u00e4nkin kuin positiivisesti yll\u00e4ttynyt. \ud83d\ude42<\/p>\n<p><img loading=\"lazy\" decoding=\"async\" class=\"alignright size-full wp-image-455\" src=\"http:\/\/www.kuntsi.net\/viipyy\/wp-content\/uploads\/2013\/04\/mainos_seinalla1.png\" alt=\"mainos_seinalla\" width=\"300\" height=\"381\" \/><\/p>\n<p>S\u00e4hk\u00f6postien l\u00e4hettelyn lis\u00e4ksi mainoskamppanjaa on harrastettu sosiaalisessa mediassa. Facebookin <a href=\"https:\/\/www.facebook.com\/groups\/20343517456\/\">Viitasaari-ryhm\u00e4<\/a> ja <a href=\"https:\/\/www.facebook.com\/groups\/204571802998900\/\">Liikunnan riemua ja tuskaa<\/a>-ryhm\u00e4 ovat olleet loistavina mainosalustoina. Ja kun py\u00f6r\u00e4ilij\u00f6it\u00e4 alkoi joukkueseen kasaantumaan kiihtyv\u00e4\u00e4n tahtiin\u00a0Kauppisen Markus perusti viitasaarelaisille py\u00f6r\u00e4ilij\u00f6ille oman FB-ryhm\u00e4n\u00a0<a href=\"https:\/\/www.facebook.com\/groups\/viipyy\/\">Viipyy &#8211; py\u00f6r\u00e4ily-yhteis\u00f6<\/a>, jossa on jo availtu keskusteluja huollosta, py\u00f6r\u00e4ilykelien parantumisesta, teiden kunnosta ja koeajopankista.<\/p>\n<p>Pelk\u00e4n netin varaan ei luonnollisestikkaan laskettu. Allekirjoittanut askarteli A4-kokoisen mainoksen joita sitten k\u00e4vin kylv\u00e4m\u00e4ss\u00e4 ainakin Areenalle, kirjastolle ja kauppojen ilmoitustauluille. Viel\u00e4 on loppukirin paikka, joten pari ilmoitustaulua kyl\u00e4n pinnassa on merkkaamatta.<\/p>\n<p>Kilometrikisa n\u00e4kyy nyt my\u00f6s Viitasaaren kaupungin <a href=\"http:\/\/www.viitasaari.fi\/fi\/tapahtumat\/?id=72\">tapahtumakalenterissa<\/a>. Blogin statistiikka paljastaa ett\u00e4 kiinnostuneita on tuotakin kautta k\u00e4ynyt kymmenkunta.<\/p>\n<p>Team Viitasaari seikkailee my\u00f6s kaupungin etusivun banneriruletissa:<\/p>\n<p><a href=\"http:\/\/www.kuntsi.net\/viipyy\/wp-content\/uploads\/2013\/04\/viitasaaripistefi1.png\"><img loading=\"lazy\" decoding=\"async\" class=\"aligncenter size-full wp-image-456\" src=\"http:\/\/www.kuntsi.net\/viipyy\/wp-content\/uploads\/2013\/04\/viitasaaripistefi1.png\" alt=\"viitasaaripistefi\" width=\"600\" height=\"351\" \/><\/a><\/p>\n<p>6 p\u00e4iv\u00e4\u00e4 kisan alkuun ja kuten kunnon kamppanjoissa on loppukirin paikka. Viitasaaren Seudun kautta tavoitellaan viel\u00e4 viimeisi\u00e4 ep\u00e4r\u00f6iji\u00e4. Mukaan mahtuu viel\u00e4! Ja vaikka kesken kisankin!<\/p>\n<p><a href=\"http:\/\/www.kuntsi.net\/viipyy\/wp-content\/uploads\/2013\/04\/seutu1.png\"><img loading=\"lazy\" decoding=\"async\" class=\"aligncenter size-full wp-image-457\" src=\"http:\/\/www.kuntsi.net\/viipyy\/wp-content\/uploads\/2013\/04\/seutu1.png\" alt=\"seutu\" width=\"600\" height=\"411\" \/><\/a><\/p>\n<p>&nbsp;<\/p>\n","protected":false},"excerpt":{"rendered":"<p>27.3.2013 kirjoittelin samasta asiasta l\u00e4hes samalla otsikolla. Silloin per\u00e4ss\u00e4 oli sulkeissa kysymysmerkki. Olin laittanut muutaman tiedustelun siit\u00e4, ett\u00e4 saataisiinko kasaan viitaaarelainen joukkue viitasaarelaisista py\u00f6r\u00e4ilij\u00f6ist\u00e4 ja muutaman innokkaan vastauksen saatuani osasin olla jo varovaisen toiveikas ett\u00e4 saadaan kuin saadaankin kasaan se &hellip; <a href=\"https:\/\/www.kuntsi.net\/viipyy\/kilometrikisa-team-viitasaari-16\/\">Lue loppuun <span class=\"meta-nav\">&rarr;<\/span><\/a><\/p>\n","protected":false},"author":1,"featured_media":15840,"comment_status":"open","ping_status":"open","sticky":false,"template":"","format":"standard","meta":{"footnotes":""},"categories":[7,60],"tags":[17,73,8,63,31],"class_list":["post-454","post","type-post","status-publish","format-standard","has-post-thumbnail","hentry","category-media","category-uutiset","tag-kilometrikisa-2","tag-media","tag-tapahtumat","tag-viipyy-team-viitasaari","tag-viitasaaren-seutu"],"_links":{"self":[{"href":"https:\/\/www.kuntsi.net\/viipyy\/wp-json\/wp\/v2\/posts\/454","targetHints":{"allow":["GET"]}}],"collection":[{"href":"https:\/\/www.kuntsi.net\/viipyy\/wp-json\/wp\/v2\/posts"}],"about":[{"href":"https:\/\/www.kuntsi.net\/viipyy\/wp-json\/wp\/v2\/types\/post"}],"author":[{"embeddable":true,"href":"https:\/\/www.kuntsi.net\/viipyy\/wp-json\/wp\/v2\/users\/1"}],"replies":[{"embeddable":true,"href":"https:\/\/www.kuntsi.net\/viipyy\/wp-json\/wp\/v2\/comments?post=454"}],"version-history":[{"count":3,"href":"https:\/\/www.kuntsi.net\/viipyy\/wp-json\/wp\/v2\/posts\/454\/revisions"}],"predecessor-version":[{"id":15841,"href":"https:\/\/www.kuntsi.net\/viipyy\/wp-json\/wp\/v2\/posts\/454\/revisions\/15841"}],"wp:featuredmedia":[{"embeddable":true,"href":"https:\/\/www.kuntsi.net\/viipyy\/wp-json\/wp\/v2\/media\/15840"}],"wp:attachment":[{"href":"https:\/\/www.kuntsi.net\/viipyy\/wp-json\/wp\/v2\/media?parent=454"}],"wp:term":[{"taxonomy":"category","embeddable":true,"href":"https:\/\/www.kuntsi.net\/viipyy\/wp-json\/wp\/v2\/categories?post=454"},{"taxonomy":"post_tag","embeddable":true,"href":"https:\/\/www.kuntsi.net\/viipyy\/wp-json\/wp\/v2\/tags?post=454"}],"curies":[{"name":"wp","href":"https:\/\/api.w.org\/{rel}","templated":true}]}}