{"id":7454,"date":"2014-02-03T10:38:39","date_gmt":"2014-02-03T08:38:39","guid":{"rendered":"http:\/\/vanha.viitasaarenseutu.fi\/\/?p=7454"},"modified":"2015-08-10T15:14:12","modified_gmt":"2015-08-10T12:14:12","slug":"pyorailijat-pokkasivat-palkinnon-keski-suomen-urheilujuhlassa","status":"publish","type":"post","link":"https:\/\/www.kuntsi.net\/viipyy\/pyorailijat-pokkasivat-palkinnon-keski-suomen-urheilujuhlassa\/","title":{"rendered":"Viitasaaren Vuoden liikuntateko palkinto 2013 Viipyylle"},"content":{"rendered":"<div id=\"attachment_7455\" style=\"width: 310px\" class=\"wp-caption alignright\"><a href=\"http:\/\/www.kuntsi.net\/viipyy\/wp-content\/uploads\/2014\/02\/urheilujuhla_2013_011.png\"><img loading=\"lazy\" decoding=\"async\" aria-describedby=\"caption-attachment-7455\" class=\"size-medium wp-image-7455\" src=\"http:\/\/www.kuntsi.net\/viipyy\/wp-content\/uploads\/2014\/02\/urheilujuhla_2013_01-300x2251.png\" alt=\"Keski-Suomen urheilujuhla Jyv\u00e4skyl\u00e4n Paviljongissa\" width=\"300\" height=\"225\" \/><\/a><p id=\"caption-attachment-7455\" class=\"wp-caption-text\">Keski-Suomen urheilujuhla Jyv\u00e4skyl\u00e4n Paviljongissa<\/p><\/div>\n<p>31.1.2014 palkittiin Jyv\u00e4skyl\u00e4n Paviljongissa keski-suomalaisia urheilutekoja. Keski-Suomen urheilujuhla oli samalla <a href=\"http:\/\/www.kesli.fi\/\">Keski-Suomen liikunta ry<\/a>:n 20-vuotisjuhla. Upeiden tanssiesitysten ja juhlaillallisen lomassa muistettiin menneelt\u00e4 vuodelta mm. valmentajia, taustavaikuttajia, joukkueita, vuoden urheilutekoja lajeittain ja vuoden liikuntatekoja kunnittain. Vuoden urheilijaksi valittiin suunnistaja <a href=\"http:\/\/www.janilakanen.com\/\">Jani Lakanen<\/a>\u00a0(Vuokatissa, suunnistuksen maailmanmestaruuskilpailuissa hopeaa pitk\u00e4ll\u00e4 matkalla) ja el\u00e4m\u00e4nurapalkinto ojennettiin keih\u00e4\u00e4nheitt\u00e4j\u00e4n Jorma Kinnuselle (&#8221;<em>Heitt\u00e4j\u00e4, valmentaja, seura-aktiivi ja persoona. Keih\u00e4\u00e4nheiton maailmanenn\u00e4tyksen heitt\u00e4nyt \u00c4\u00e4nekosken pikkuj\u00e4ttilainen saavutti my\u00f6s hopeaa Meksikon olympialaisissa 1968. Suomen mestaruuden h\u00e4n on voittanut viisi kertaa.<\/em>&#8221; &#8211; <a href=\"http:\/\/www.kesli.fi\/?x103997=401448\">Kesli<\/a>).<\/p>\n<div id=\"attachment_7461\" style=\"width: 235px\" class=\"wp-caption alignright\"><a href=\"http:\/\/www.kuntsi.net\/viipyy\/wp-content\/uploads\/2014\/02\/urheilujuhla_2013_02.png\"><img loading=\"lazy\" decoding=\"async\" aria-describedby=\"caption-attachment-7461\" class=\"size-medium wp-image-7461\" src=\"http:\/\/www.kuntsi.net\/viipyy\/wp-content\/uploads\/2014\/02\/urheilujuhla_2013_02-225x300.png\" alt=\"Viitasaaren py\u00f6r\u00e4ily-yhteis\u00f6n edustajina Petri Kuntsi ja Tuula Pajum\u00e4ki\" width=\"225\" height=\"300\" \/><\/a><p id=\"caption-attachment-7461\" class=\"wp-caption-text\">Viitasaaren py\u00f6r\u00e4ily-yhteis\u00f6n edustajina Petri Kuntsi ja Tuula Pajum\u00e4ki<\/p><\/div>\n<p>Viitasaaren Vuoden liikuntateko 2013 palkinto ojennettiin Viitasaaren py\u00f6r\u00e4ily-yhteis\u00f6lle. Juhlan juontaja Aleksis \u00c4rje perusteli palkintoa sanoin: &#8221;<em>Perustamalla Py\u00f6r\u00e4ily-yhteis\u00f6n on saatu kymmeni\u00e4 harrastajia lajin pariin mm. Kilometri-kisan my\u00f6t\u00e4. &#8221;Seura&#8221; on hienosti hy\u00f6dynt\u00e4nyt sosiaalista mediaa yhteis\u00f6n laajentamisessa<\/em>.&#8221;\u00a0 Palkintoa olivat vastaanottamassa Tuula Pajum\u00e4ki ja Petri Kuntsi ja sen luovuttivat\u00a0Keski-Suomen Liikunnan varapuheenjohtaja Teija Liukkaala ja puheenjohtaja\u00a0Hannu Javanainen. Joukkue palkittiin kunniakirjalla ja 30 euron koulutussetelill\u00e4.\u00a0Vuonna 2011 Viitasaaren vuoden liikuntatekopalkinnon sai\u00a0Viitasaaren kartingrata- hanke ja vuonna 2012\u00a0Ansa Litendahl ja Teija Paananen \/ Lasten ja nuorten Eero-cup.<\/p>\n<p>Kaikki palkintojensaajat l\u00f6ytyv\u00e4t <a href=\"http:\/\/www.kesli.fi\/?x103997=401448\">Keslin sivuilta<\/a>\u00a0ja\u00a0\u00a0Viitasaaren py\u00f6r\u00e4ily-yhteis\u00f6n toiminnasta l\u00f6ytyy lis\u00e4\u00e4 tarinaa Seudun sivuilta avainsanalla\u00a0<a href=\"http:\/\/vanha.viitasaarenseutu.fi\/\/avainsana\/viipyy\/\">Viipyy<\/a>.<\/p>\n<p>Palkintojen jaon yhteydess\u00e4 esiteltiin kulloisen palkitun toimintaa valokuvin ja\/tai videoin. Viitasaaren py\u00f6r\u00e4ily-yhteis\u00f6 p\u00e4\u00e4si mukaan muunmuassa seuraavin kuvin:<\/p>\n<div id=\"attachment_7457\" style=\"width: 810px\" class=\"wp-caption aligncenter\"><a href=\"http:\/\/www.kuntsi.net\/viipyy\/wp-content\/uploads\/2014\/02\/viitasaaren_py\u00f6r\u00e4ily-yhteis\u00f6_01.jpg\"><img loading=\"lazy\" decoding=\"async\" aria-describedby=\"caption-attachment-7457\" class=\"size-full wp-image-7457\" title=\"Viipyyl\u00e4isi\u00e4 Viitasaaren reserviupseerien j\u00e4rjest\u00e4m\u00e4ll\u00e4 py\u00f6r\u00e4marssilla Piispalaan\" src=\"http:\/\/www.kuntsi.net\/viipyy\/wp-content\/uploads\/2014\/02\/viitasaaren_py\u00f6r\u00e4ily-yhteis\u00f6_01.jpg\" alt=\"Viipyyl\u00e4isi\u00e4 Viitasaaren reserviupseerien j\u00e4rjest\u00e4m\u00e4ll\u00e4 py\u00f6r\u00e4marssilla Piispalaan\" width=\"800\" height=\"449\" \/><\/a><p id=\"caption-attachment-7457\" class=\"wp-caption-text\">Viipyyl\u00e4isi\u00e4 Viitasaaren reserviupseerien j\u00e4rjest\u00e4m\u00e4ll\u00e4 py\u00f6r\u00e4marssilla Piispalaan<\/p><\/div>\n<div id=\"attachment_7458\" style=\"width: 810px\" class=\"wp-caption aligncenter\"><a href=\"http:\/\/www.kuntsi.net\/viipyy\/wp-content\/uploads\/2014\/02\/viitasaaren_py\u00f6r\u00e4ily-yhteis\u00f6_02.jpg\"><img loading=\"lazy\" decoding=\"async\" aria-describedby=\"caption-attachment-7458\" class=\"size-full wp-image-7458\" title=\"Pime\u00e4lenkki Soliskyl\u00e4lle 2013\" src=\"http:\/\/www.kuntsi.net\/viipyy\/wp-content\/uploads\/2014\/02\/viitasaaren_py\u00f6r\u00e4ily-yhteis\u00f6_02.jpg\" alt=\"\" width=\"800\" height=\"600\" \/><\/a><p id=\"caption-attachment-7458\" class=\"wp-caption-text\">Pime\u00e4lenkki Soliskyl\u00e4lle 2013<\/p><\/div>\n<div id=\"attachment_7459\" style=\"width: 810px\" class=\"wp-caption aligncenter\"><a href=\"http:\/\/www.kuntsi.net\/viipyy\/wp-content\/uploads\/2014\/02\/viitasaaren_py\u00f6r\u00e4ily-yhteis\u00f6_03.jpg\"><img loading=\"lazy\" decoding=\"async\" aria-describedby=\"caption-attachment-7459\" class=\"size-full wp-image-7459\" title=\"Viipyyl\u00e4iset matkalla kohti Suovanlahden Myllytupaa\" src=\"http:\/\/www.kuntsi.net\/viipyy\/wp-content\/uploads\/2014\/02\/viitasaaren_py\u00f6r\u00e4ily-yhteis\u00f6_03.jpg\" alt=\"\" width=\"800\" height=\"600\" \/><\/a><p id=\"caption-attachment-7459\" class=\"wp-caption-text\">Viipyyl\u00e4iset matkalla kohti Suovanlahden Myllytupaa<\/p><\/div>\n<p style=\"text-align: center;\">\n","protected":false},"excerpt":{"rendered":"<p>31.1.2014 palkittiin Jyv\u00e4skyl\u00e4n Paviljongissa keski-suomalaisia urheilutekoja. Keski-Suomen urheilujuhla oli samalla Keski-Suomen liikunta ry:n 20-vuotisjuhla. Upeiden tanssiesitysten ja juhlaillallisen lomassa muistettiin menneelt\u00e4 vuodelta mm. valmentajia, taustavaikuttajia, joukkueita, vuoden urheilutekoja lajeittain ja vuoden liikuntatekoja kunnittain. Vuoden urheilijaksi valittiin suunnistaja Jani Lakanen\u00a0(Vuokatissa, suunnistuksen &hellip; <a href=\"https:\/\/www.kuntsi.net\/viipyy\/pyorailijat-pokkasivat-palkinnon-keski-suomen-urheilujuhlassa\/\">Lue loppuun <span class=\"meta-nav\">&rarr;<\/span><\/a><\/p>\n","protected":false},"author":1,"featured_media":15791,"comment_status":"open","ping_status":"open","sticky":false,"template":"","format":"standard","meta":{"footnotes":""},"categories":[59,60],"tags":[36,37,3,63,38],"class_list":["post-7454","post","type-post","status-publish","format-standard","has-post-thumbnail","hentry","category-jutut","category-uutiset","tag-keski-suomen-urheilujuha","tag-kesli","tag-viipyy","tag-viipyy-team-viitasaari","tag-viitasaaren-pyoraily-yhteiso"],"_links":{"self":[{"href":"https:\/\/www.kuntsi.net\/viipyy\/wp-json\/wp\/v2\/posts\/7454","targetHints":{"allow":["GET"]}}],"collection":[{"href":"https:\/\/www.kuntsi.net\/viipyy\/wp-json\/wp\/v2\/posts"}],"about":[{"href":"https:\/\/www.kuntsi.net\/viipyy\/wp-json\/wp\/v2\/types\/post"}],"author":[{"embeddable":true,"href":"https:\/\/www.kuntsi.net\/viipyy\/wp-json\/wp\/v2\/users\/1"}],"replies":[{"embeddable":true,"href":"https:\/\/www.kuntsi.net\/viipyy\/wp-json\/wp\/v2\/comments?post=7454"}],"version-history":[{"count":4,"href":"https:\/\/www.kuntsi.net\/viipyy\/wp-json\/wp\/v2\/posts\/7454\/revisions"}],"predecessor-version":[{"id":15863,"href":"https:\/\/www.kuntsi.net\/viipyy\/wp-json\/wp\/v2\/posts\/7454\/revisions\/15863"}],"wp:featuredmedia":[{"embeddable":true,"href":"https:\/\/www.kuntsi.net\/viipyy\/wp-json\/wp\/v2\/media\/15791"}],"wp:attachment":[{"href":"https:\/\/www.kuntsi.net\/viipyy\/wp-json\/wp\/v2\/media?parent=7454"}],"wp:term":[{"taxonomy":"category","embeddable":true,"href":"https:\/\/www.kuntsi.net\/viipyy\/wp-json\/wp\/v2\/categories?post=7454"},{"taxonomy":"post_tag","embeddable":true,"href":"https:\/\/www.kuntsi.net\/viipyy\/wp-json\/wp\/v2\/tags?post=7454"}],"curies":[{"name":"wp","href":"https:\/\/api.w.org\/{rel}","templated":true}]}}