{"id":7612,"date":"2014-02-07T14:42:36","date_gmt":"2014-02-07T12:42:36","guid":{"rendered":"http:\/\/vanha.viitasaarenseutu.fi\/\/?p=7612"},"modified":"2015-08-10T15:10:49","modified_gmt":"2015-08-10T12:10:49","slug":"tule-mukaan-pyorailemaan-talvikilometreja","status":"publish","type":"post","link":"https:\/\/www.kuntsi.net\/viipyy\/tule-mukaan-pyorailemaan-talvikilometreja\/","title":{"rendered":"Tule mukaan py\u00f6r\u00e4ilem\u00e4\u00e4n talvikilometrej\u00e4!"},"content":{"rendered":"<p>Viitasaarelaispy\u00f6r\u00e4ilij\u00e4t ovat mukana perinteisess\u00e4 talvikilometrikisassa. Ai miss\u00e4?<\/p>\n<p>\u201d<em>Kilometrikisa on yritysten, ty\u00f6yhteis\u00f6jen, osastojen, yhdistysten, seurojen tai mink\u00e4 tahansa joukkueiden v\u00e4linen leikkimielinen kilpailu, jossa osallistujat kirjaavat py\u00f6r\u00e4ilykilometrej\u00e4\u00e4n yl\u00f6s ja kartuttavat oman joukkueen kilometrisaldoa.<\/em>\u201d &#8211; <a href=\"https:\/\/www.kilometrikisa.fi\/\">Kilometrikisa<\/a><\/p>\n<p><img loading=\"lazy\" decoding=\"async\" class=\"alignright size-full wp-image-7547\" src=\"http:\/\/www.kuntsi.net\/viipyy\/wp-content\/uploads\/2014\/02\/talvikilometrikisa-logo.jpg\" alt=\"talvikilometrikisa-logo\" width=\"291\" height=\"191\" \/>Viime kes\u00e4n\u00e4 p\u00e4\u00e4stiin hyv\u00e4\u00e4n vauhtiin kes\u00e4kilometrikisan my\u00f6t\u00e4 ja t\u00e4n\u00e4 vuonna jatketaan samaan malliin. Tai jospa vaikka saataisiin lis\u00e4\u00e4 v\u00e4ke\u00e4 py\u00f6r\u00e4ilem\u00e4\u00e4n? Eli jos\u00a0suoritat siirtymisi\u00e4 py\u00f6r\u00e4ll\u00e4 ty\u00f6matkoilla, kuntoillen, retkeillen, kaupassa k\u00e4yden tai muuten vain niin tervetuloa mukaan! Ja mukaan p\u00e4\u00e4see kilometrim\u00e4\u00e4r\u00e4st\u00e4 riippumatta.<\/p>\n<p>Talvikilometrikisa starttasi 1.2. ja jatkuu maaliskuun loppuun. Mukana <strong>Viipyy &#8211; Team Viitasaari<\/strong> joukkueessa on t\u00e4ll\u00e4hetkell\u00e4 (7.2.) viisi py\u00f6r\u00e4ilij\u00e4\u00e4 ja mukaan saa ilmottautua pitkin kisaa. Jos olet jo ajellut lenkkej\u00e4 helmikuun alussa niin niit\u00e4 ei ole menetetty. Kilometrit voi merkata kyseisille p\u00e4iville my\u00f6s takautuvasti.<\/p>\n<p>Ja miten p\u00e4\u00e4see mukaan? S\u00e4hk\u00f6postia joukkueen kapteenille Petri Kuntsille (petri@kuntsi.net) ja ilmottaudut joukkueeseen. Paluupostissa saat joukkueen osallistumiskoodin ja v\u00e4h\u00e4n lis\u00e4ohjeita rekister\u00f6itymiseen.\u00a0Kisa on kaikille osallistujille maksuton ja sen j\u00e4rjest\u00e4v\u00e4t <a href=\"http:\/\/www.poljin.fi\/\">Py\u00f6r\u00e4ilykuntien verkosto ry<\/a> ja <a href=\"http:\/\/www.poljin.fi\/fi\/toiminta\/suomi-pyorailee-hanke\">Suomi Py\u00f6r\u00e4ilee<\/a> -kampanja. Ja jos viel\u00e4 ep\u00e4r\u00f6it millaiseen sakkiin sit\u00e4 on fillariaan ty\u00f6nt\u00e4m\u00e4ss\u00e4, niin tule kuuntelemaan 10.2.2014 klo 18.00 Seurakuntatalolle (Pikkusali) Viipyyn <a href=\"http:\/\/vanha.viitasaarenseutu.fi\/\/tapahtuma\/pyorailyvuoden-2014-suunnittelupalaveri\/\">py\u00f6r\u00e4ilyvuoden 2014 suunnittelupalaveriin<\/a>\u00a0millaisia py\u00f6r\u00e4ilyvinkeit\u00e4 olemme t\u00e4lle vuodelle suunnittelemassa.<\/p>\n<p>Lis\u00e4tietoa:<\/p>\n<p>Viipyy &#8211; Viitasaaren py\u00f6r\u00e4ily-yhteis\u00f6 kotisivut &#8211; <a href=\"http:\/\/www.kuntsi.net\/viipyy\/\">www.kuntsi.net\/viipyy<\/a><br \/>\nKilometrikisan viralliset kotisivut &#8211; <a href=\"https:\/\/www.kilometrikisa.fi\/\">www.kilometrikisa.fi<\/a><\/p>\n<p>&nbsp;<\/p>\n<p><img loading=\"lazy\" decoding=\"async\" class=\"aligncenter size-full wp-image-7615\" src=\"http:\/\/www.kuntsi.net\/viipyy\/wp-content\/uploads\/2014\/02\/talvikisabanneri_2014.png\" alt=\"talvikisabanneri_2014\" width=\"718\" height=\"279\" \/><\/p>\n","protected":false},"excerpt":{"rendered":"<p>Viitasaarelaispy\u00f6r\u00e4ilij\u00e4t ovat mukana perinteisess\u00e4 talvikilometrikisassa. Ai miss\u00e4? \u201dKilometrikisa on yritysten, ty\u00f6yhteis\u00f6jen, osastojen, yhdistysten, seurojen tai mink\u00e4 tahansa joukkueiden v\u00e4linen leikkimielinen kilpailu, jossa osallistujat kirjaavat py\u00f6r\u00e4ilykilometrej\u00e4\u00e4n yl\u00f6s ja kartuttavat oman joukkueen kilometrisaldoa.\u201d &#8211; Kilometrikisa Viime kes\u00e4n\u00e4 p\u00e4\u00e4stiin hyv\u00e4\u00e4n vauhtiin kes\u00e4kilometrikisan my\u00f6t\u00e4 &hellip; <a href=\"https:\/\/www.kuntsi.net\/viipyy\/tule-mukaan-pyorailemaan-talvikilometreja\/\">Lue loppuun <span class=\"meta-nav\">&rarr;<\/span><\/a><\/p>\n","protected":false},"author":1,"featured_media":15781,"comment_status":"open","ping_status":"open","sticky":false,"template":"","format":"standard","meta":{"footnotes":""},"categories":[60],"tags":[2,39,40,63],"class_list":["post-7612","post","type-post","status-publish","format-standard","has-post-thumbnail","hentry","category-uutiset","tag-talvikilometrikisa","tag-talvipyoraily","tag-talvitapahtuma","tag-viipyy-team-viitasaari"],"_links":{"self":[{"href":"https:\/\/www.kuntsi.net\/viipyy\/wp-json\/wp\/v2\/posts\/7612","targetHints":{"allow":["GET"]}}],"collection":[{"href":"https:\/\/www.kuntsi.net\/viipyy\/wp-json\/wp\/v2\/posts"}],"about":[{"href":"https:\/\/www.kuntsi.net\/viipyy\/wp-json\/wp\/v2\/types\/post"}],"author":[{"embeddable":true,"href":"https:\/\/www.kuntsi.net\/viipyy\/wp-json\/wp\/v2\/users\/1"}],"replies":[{"embeddable":true,"href":"https:\/\/www.kuntsi.net\/viipyy\/wp-json\/wp\/v2\/comments?post=7612"}],"version-history":[{"count":2,"href":"https:\/\/www.kuntsi.net\/viipyy\/wp-json\/wp\/v2\/posts\/7612\/revisions"}],"predecessor-version":[{"id":15783,"href":"https:\/\/www.kuntsi.net\/viipyy\/wp-json\/wp\/v2\/posts\/7612\/revisions\/15783"}],"wp:featuredmedia":[{"embeddable":true,"href":"https:\/\/www.kuntsi.net\/viipyy\/wp-json\/wp\/v2\/media\/15781"}],"wp:attachment":[{"href":"https:\/\/www.kuntsi.net\/viipyy\/wp-json\/wp\/v2\/media?parent=7612"}],"wp:term":[{"taxonomy":"category","embeddable":true,"href":"https:\/\/www.kuntsi.net\/viipyy\/wp-json\/wp\/v2\/categories?post=7612"},{"taxonomy":"post_tag","embeddable":true,"href":"https:\/\/www.kuntsi.net\/viipyy\/wp-json\/wp\/v2\/tags?post=7612"}],"curies":[{"name":"wp","href":"https:\/\/api.w.org\/{rel}","templated":true}]}}