{"id":767,"date":"2013-07-31T13:22:52","date_gmt":"2013-07-31T11:22:52","guid":{"rendered":"http:\/\/www.kuntsi.net\/wordpress\/?p=767"},"modified":"2015-08-10T15:20:03","modified_gmt":"2015-08-10T12:20:03","slug":"porukkalenkki-myllytuvalle","status":"publish","type":"post","link":"https:\/\/www.kuntsi.net\/viipyy\/porukkalenkki-myllytuvalle\/","title":{"rendered":"Porukkalenkki Myllytuvalle"},"content":{"rendered":"<p><a href=\"https:\/\/www.kilometrikisa.fi\/\">Kilometrikisan<\/a> porukka on kes\u00e4n mittaa onnistunut j\u00e4rjest\u00e4m\u00e4\u00e4n muutaman porukkalenkinkin. Ajatuksena on ollut matalan kynnyksen lenkki, jossa t\u00e4rkeimp\u00e4n\u00e4 ajatuksena olen ainakin itse halunnut pit\u00e4\u00e4 &#8221;ket\u00e4\u00e4n ei j\u00e4tet\u00e4&#8221;. <a href=\"http:\/\/www.kuntsi.net\/wordpress\/kilometrikisa-viitasaari\/\">Team Viitasaaren<\/a>\u00a0v\u00e4ki on sen verran ep\u00e4s\u00e4\u00e4nn\u00f6llist\u00e4 el\u00e4m\u00e4\u00e4 viett\u00e4v\u00e4\u00e4 sakkia, ett\u00e4 s\u00e4\u00e4nn\u00f6llist\u00e4 porukkalenkkitoimintaa ei viel\u00e4 ole saatu py\u00f6rim\u00e4\u00e4n, mutta ajatus on taustalla hautumassa. Sit\u00e4 ennen edet\u00e4\u00e4n tyylill\u00e4 &#8221;sovitaan pienemm\u00e4ss\u00e4 porukassa lenkki ja kysell\u00e4\u00e4n olisiko muita mukaanl\u00e4htij\u00f6it\u00e4&#8221;. Niin toimittiin t\u00e4ll\u00e4kin kertaa. Is\u00e4n kanssa katseltiin viikonloppuna aikatauluja ja todettiin ett\u00e4 tiistai-iltana voisi l\u00e4hte\u00e4 Myllytuvalle iltakahville. Pikainen ilmoitus Facebookin <a href=\"https:\/\/www.facebook.com\/groups\/viipyy\/\">Viitasaaren py\u00f6r\u00e4ily-yhteis\u00f6n<\/a> sivulle ja Kilometrikisan joukkueen keskustelupalstalle ett\u00e4 nyt olisi lenkki\u00e4 tarjolla. Tiistaina v\u00e4h\u00e4n ennen klo puoli viitt\u00e4 oltiin sitten torilla katselemassa innostuisiko joku l\u00e4htem\u00e4\u00e4n mukaan. Ja eip\u00e4 t\u00e4ll\u00e4k\u00e4\u00e4n kertaa tarvinnut kahdestaan ajella vaan seuraksi l\u00e4hti Ulla ja Markku. Ja letka l\u00e4hti etenem\u00e4\u00e4n kohti Kym\u00f6nkoskea ja Suovanlahtea.<\/p>\n<p><a href=\"http:\/\/www.kuntsi.net\/viipyy\/wp-content\/uploads\/2013\/07\/myllytupa_021.png\"><img loading=\"lazy\" decoding=\"async\" class=\"aligncenter size-full wp-image-770\" src=\"http:\/\/www.kuntsi.net\/viipyy\/wp-content\/uploads\/2013\/07\/myllytupa_021.png\" alt=\"myllytupa_02\" width=\"600\" height=\"450\" \/><\/a><\/p>\n<p>Kym\u00f6nkosken kaupalla pidettiin mennentullen pieni koivenoikomistauko ja samalla saatiin purettua pahimpia keskustelupaineita pois ;). Allekirjoittanut muisti tullessa geok\u00e4tk\u00f6n olemassaolon ja pienen paikkojenpenkomisen j\u00e4lkeen purkki olikin k\u00e4dess\u00e4 ja nimi logivihkossa. Matka eteni tutun kaavan mukaisesti. V\u00e4lill\u00e4 ajeltiin reippaammin ja v\u00e4lill\u00e4 taas ajeltiin enempi maisemia katsellen ja jutellen.<\/p>\n<p><a href=\"http:\/\/www.kuntsi.net\/viipyy\/wp-content\/uploads\/2013\/07\/myllytupa_011.png\"><img loading=\"lazy\" decoding=\"async\" class=\"aligncenter size-full wp-image-771\" src=\"http:\/\/www.kuntsi.net\/viipyy\/wp-content\/uploads\/2013\/07\/myllytupa_011.png\" alt=\"myllytupa_01\" width=\"600\" height=\"450\" \/><\/a><\/p>\n<p>Kym\u00f6nkosken kaupan j\u00e4lkeen alkaakin legendaarinen vuoristo-osuus josta ei tosiaankaan nousuja puutu. Onneksi porukan huumorintaju riitti yl\u00f6sasti ja positiivisen kautta jo haaveiltiin samojen m\u00e4kien vauhdikkaista laskuista kotiinp\u00e4in ajellessa. Ajamiseen meni aikaa noin tunti ja 34 minuuttia kun letka oli Myllytuvalla. Tyhjennettiin viimeiset leivonnaiset tiskilt\u00e4 ja ryystettiin kahvit ja teet. Ja todettiin j\u00e4lleen kerran ett\u00e4 yksi parhaimmista Viitasaaren taukopaikoista.<\/p>\n<p><a href=\"http:\/\/www.kuntsi.net\/viipyy\/wp-content\/uploads\/2013\/07\/myllytupa_031.png\"><img loading=\"lazy\" decoding=\"async\" class=\"aligncenter size-full wp-image-772\" src=\"http:\/\/www.kuntsi.net\/viipyy\/wp-content\/uploads\/2013\/07\/myllytupa_031.png\" alt=\"myllytupa_03\" width=\"600\" height=\"402\" \/><\/a><\/p>\n<p><a href=\"http:\/\/www.kuntsi.net\/viipyy\/wp-content\/uploads\/2013\/07\/myllytupa_041.png\"><img loading=\"lazy\" decoding=\"async\" class=\"aligncenter size-full wp-image-773\" src=\"http:\/\/www.kuntsi.net\/viipyy\/wp-content\/uploads\/2013\/07\/myllytupa_041.png\" alt=\"myllytupa_04\" width=\"600\" height=\"450\" \/><\/a>Allekirjoittaneen SportsTracker n\u00e4ytti lenkille seuraavia lukemia:<\/p>\n<p><strong>Viitasaari &#8211; Kym\u00f6nkoski &#8211; Suovanlahti &#8211; Kym\u00f6nkoski &#8211; Viitasaari<br \/>\n<\/strong>Matka: 73.5 kilometri\u00e4 (matkassa allekirjoittaneen l\u00e4mmittelyt Mustallasuolla)<br \/>\nAika: 3:32:12<br \/>\nKeskinopeus: 20,8 km\/h<\/p>\n<p>Ja lenkki kokonaisuudessaan spekseineen <a href=\"http:\/\/www.sports-tracker.com\/#\/workout\/Kuntsi\/fciqa4ql043k97q7\">Sports Trackeriss\u00e4<\/a>.<\/p>\n<p>Olipa mukava pitk\u00e4st\u00e4 aikaa ajaa isommalla porukalla. Allekirjoittanutkin p\u00e4\u00e4si nautiskelemaan mukavia siivuja peesiss\u00e4 ajosta. Valitettava tosiasia on ett\u00e4 yl\u00e4m\u00e4ess\u00e4 tuo peesi ei juurikaan auttanut. Samalla tavalla siel\u00e4 sai polkea juntata eteenp\u00e4in kuin itsekseenkin ;).<\/p>\n<p><em>Kuvat Petri Kuntsi (1,2 ja 4) \u00a0ja Markku Vihava (3)<\/em><\/p>\n","protected":false},"excerpt":{"rendered":"<p>Kilometrikisan porukka on kes\u00e4n mittaa onnistunut j\u00e4rjest\u00e4m\u00e4\u00e4n muutaman porukkalenkinkin. Ajatuksena on ollut matalan kynnyksen lenkki, jossa t\u00e4rkeimp\u00e4n\u00e4 ajatuksena olen ainakin itse halunnut pit\u00e4\u00e4 &#8221;ket\u00e4\u00e4n ei j\u00e4tet\u00e4&#8221;. Team Viitasaaren\u00a0v\u00e4ki on sen verran ep\u00e4s\u00e4\u00e4nn\u00f6llist\u00e4 el\u00e4m\u00e4\u00e4 viett\u00e4v\u00e4\u00e4 sakkia, ett\u00e4 s\u00e4\u00e4nn\u00f6llist\u00e4 porukkalenkkitoimintaa ei viel\u00e4 &hellip; <a href=\"https:\/\/www.kuntsi.net\/viipyy\/porukkalenkki-myllytuvalle\/\">Lue loppuun <span class=\"meta-nav\">&rarr;<\/span><\/a><\/p>\n","protected":false},"author":1,"featured_media":15829,"comment_status":"open","ping_status":"open","sticky":false,"template":"","format":"standard","meta":{"footnotes":""},"categories":[59],"tags":[68,70,18,10,69,3],"class_list":["post-767","post","type-post","status-publish","format-standard","has-post-thumbnail","hentry","category-jutut","tag-kymonkoski","tag-myllytupa","tag-paikat-2","tag-porukkalenkit","tag-suovanlahti","tag-viipyy"],"_links":{"self":[{"href":"https:\/\/www.kuntsi.net\/viipyy\/wp-json\/wp\/v2\/posts\/767","targetHints":{"allow":["GET"]}}],"collection":[{"href":"https:\/\/www.kuntsi.net\/viipyy\/wp-json\/wp\/v2\/posts"}],"about":[{"href":"https:\/\/www.kuntsi.net\/viipyy\/wp-json\/wp\/v2\/types\/post"}],"author":[{"embeddable":true,"href":"https:\/\/www.kuntsi.net\/viipyy\/wp-json\/wp\/v2\/users\/1"}],"replies":[{"embeddable":true,"href":"https:\/\/www.kuntsi.net\/viipyy\/wp-json\/wp\/v2\/comments?post=767"}],"version-history":[{"count":3,"href":"https:\/\/www.kuntsi.net\/viipyy\/wp-json\/wp\/v2\/posts\/767\/revisions"}],"predecessor-version":[{"id":15832,"href":"https:\/\/www.kuntsi.net\/viipyy\/wp-json\/wp\/v2\/posts\/767\/revisions\/15832"}],"wp:featuredmedia":[{"embeddable":true,"href":"https:\/\/www.kuntsi.net\/viipyy\/wp-json\/wp\/v2\/media\/15829"}],"wp:attachment":[{"href":"https:\/\/www.kuntsi.net\/viipyy\/wp-json\/wp\/v2\/media?parent=767"}],"wp:term":[{"taxonomy":"category","embeddable":true,"href":"https:\/\/www.kuntsi.net\/viipyy\/wp-json\/wp\/v2\/categories?post=767"},{"taxonomy":"post_tag","embeddable":true,"href":"https:\/\/www.kuntsi.net\/viipyy\/wp-json\/wp\/v2\/tags?post=767"}],"curies":[{"name":"wp","href":"https:\/\/api.w.org\/{rel}","templated":true}]}}