{"id":7705,"date":"2014-02-11T14:24:58","date_gmt":"2014-02-11T12:24:58","guid":{"rendered":"http:\/\/vanha.viitasaarenseutu.fi\/\/?p=7705"},"modified":"2015-08-10T11:04:03","modified_gmt":"2015-08-10T08:04:03","slug":"viipyyn-pyorailyvuosi-2014-2","status":"publish","type":"post","link":"https:\/\/www.kuntsi.net\/viipyy\/viipyyn-pyorailyvuosi-2014-2\/","title":{"rendered":"Viipyyn py\u00f6r\u00e4ilyvuosi 2014"},"content":{"rendered":"<div id=\"attachment_7706\" style=\"width: 310px\" class=\"wp-caption alignright\"><a href=\"http:\/\/www.kuntsi.net\/viipyy\/wp-content\/uploads\/2014\/02\/viipyypalaveri_2014_011.png\"><img loading=\"lazy\" decoding=\"async\" aria-describedby=\"caption-attachment-7706\" class=\"size-medium wp-image-7706   \" src=\"http:\/\/www.kuntsi.net\/viipyy\/wp-content\/uploads\/2014\/02\/viipyypalaveri_2014_01-300x2251.png\" alt=\"Viipyyl\u00e4isi\u00e4 juonimassa vuotta 2014\" width=\"300\" height=\"225\" \/><\/a><p id=\"caption-attachment-7706\" class=\"wp-caption-text\">Viipyyl\u00e4isi\u00e4 juonimassa vuotta 2014<\/p><\/div>\n<p>Viitasaaren py\u00f6r\u00e4ily-yhteis\u00f6 kokoontui 10.2. seurakuntatalon Pikkusaliin pohtimaan py\u00f6r\u00e4ilyvuotta 2014. Ilmestyik\u00f6 palaverin lopputuloksena Viitasaaren yhdistyskartalle uusi urheiluseura puheenjohtajistoineen, rahastonhoitajineen ja sihteereineen? Ei ilmestynyt, vaan porukka uhkasi jatkaa tutulla vapaamuotoisella ja hyv\u00e4ksi havaitulla rennonletke\u00e4ll\u00e4 yhteis\u00f6llisyydell\u00e4. Se ei kuitenkaan est\u00e4nyt 10 viipyyl\u00e4isen tekem\u00e4st\u00e4 p\u00e4\u00e4t\u00f6ksi\u00e4 ja suunnitelmia tulevan py\u00f6r\u00e4ilyvuoden varalle.<\/p>\n<p>Alkul\u00e4mmittely hoidettiin keskustelemalla meneill\u00e4\u00e4n olevasta <a href=\"http:\/\/www.kilometrikisa.fi\/\">Talvikilometrikisasta<\/a> ja toukokuussa starttaavasta varsinaisesta Kilometrikisasta. Viipyyn nimiss\u00e4 olevaa joukkuetta pidet\u00e4\u00e4n mukana molemissa kisoissa ja kaikki halukkaat, py\u00f6r\u00e4ilyst\u00e4 ja pienest\u00e4 kisailusta kiinnostuneet saavat mukaan ilmottautua. Muistuteltiin siit\u00e4 ett\u00e4 kilometrikisa on yksi sivujuonne Viipyyn toiminnassa eik\u00e4 esim. porukkalenkeille osallistuminen velvoita ottamaan osaa kilometrikisaan ja p\u00e4invastoin.<\/p>\n<p>Suurimman keskustelun sai aikaan porukkalenkit. Kes\u00e4 2013 todettiin hyv\u00e4ksi aluksi, mutta jonkinlaista s\u00e4\u00e4nn\u00f6llisyytt\u00e4 toivottiin monen suulla. Aika pian p\u00e4\u00e4stiin yhteisymm\u00e4rrykseen suuntaviivoista, joskin viikonp\u00e4iv\u00e4\u00e4 v\u00e4\u00e4nnettiin pitk\u00e4\u00e4n ja hartaasti. Kerran viikossa arkena ajettaisiin joko nopeampi kuntolenkkityyppinen reissu tai hieman hitaampi retkivauhtinen lenkki esimerkiksi vuoroviikoin. Ja n\u00e4m\u00e4 eroteltaisiin selke\u00e4sti ilmottelussa toisistaan. Jahka kev\u00e4\u00e4ll\u00e4 lumet sulavat ja tiet avautuvat j\u00e4\u00e4tik\u00f6lt\u00e4, aloittelee Viipyyn sakki maanantai-iltaisin klo 18:00 starttavan viikkolenkin matkaltaan alle 50 kilometri\u00e4 ja ajaltaan noin 2 tuntia. Jokaisella lenkill\u00e4 olisi etuk\u00e4teen sovittu henkil\u00f6 joka olisi suunnitellut reitin, ajonopeuden ja esimerkiksi mahdolliset taukopaikat. Lenkit ilmoitellaan hyviss\u00e4 ajoin Viipyyn omilla sivuilla ja MenoSeudussa. Viikkolenkkien rinnalla ajetaan kerran kuukaudessa pidempi, 80-100 kilometrin, viikonloppulenkki.<\/p>\n<p>Viipyyn palaverissa esiteltiin l\u00e4hiseudun py\u00f6r\u00e4ilytapahtumia ja niit\u00e4 listattiin nettisivuille <a href=\"http:\/\/www.kuntsi.net\/viipyy\/fillarikalenteri\/\">Fillarikalenteriin<\/a>. Sielt\u00e4 kiinnostuneet voivat poimia sopivia py\u00f6r\u00e4ilytapahtumia ajettavakseen. Erityisesti toukokuussa Pielavedell\u00e4 ajettava <a href=\"http:\/\/pielavesi.4h.fi\/pielaveden-ympariajo\/\">Pielaveden ymp\u00e4riajo<\/a> her\u00e4tti v\u00e4ess\u00e4 kiinnostusta. Antti esitteli yhten\u00e4 tapahtumavaihtoehtona py\u00f6r\u00e4retke\u00e4 (marssia\/pyhiinvaellusta) Rautalammille Viitasaaren em\u00e4pit\u00e4j\u00e4\u00e4n. Tuo py\u00f6r\u00e4reissu olisi edestakaiselta matkaltaan noin 200 kilometri\u00e4 ja se ajettaisiin huoltoauton avustamana kahtena p\u00e4iv\u00e4n\u00e4 y\u00f6pyen perill\u00e4. Antti lupasi selvitell\u00e4 asiaa tarkemmin ja infota lis\u00e4\u00e4 kev\u00e4\u00e4n mittaa.<\/p>\n<div id=\"attachment_7747\" style=\"width: 310px\" class=\"wp-caption alignright\"><a href=\"http:\/\/www.kuntsi.net\/viipyy\/wp-content\/uploads\/2014\/02\/viipyypalaveri_2014_02.png\"><img loading=\"lazy\" decoding=\"async\" aria-describedby=\"caption-attachment-7747\" class=\"size-medium wp-image-7747 \" src=\"http:\/\/www.kuntsi.net\/viipyy\/wp-content\/uploads\/2014\/02\/viipyypalaveri_2014_02-300x225.png\" alt=\"Esittelyss\u00e4 Viipyn uudet kotisivut\" width=\"300\" height=\"225\" \/><\/a><p id=\"caption-attachment-7747\" class=\"wp-caption-text\">Esittelyss\u00e4 Viipyn uudet kotisivut<\/p><\/div>\n<p>Tiedotuskanavina jatkavat tuttu Facebook-ryhm\u00e4 <a href=\"https:\/\/www.facebook.com\/groups\/viipyy\/\">Viipyy &#8211; Viitasaaren py\u00f6r\u00e4ily-yhteis\u00f6<\/a>, mutta nyt rinnalla toimii Viipyyn omat <a href=\"http:\/\/www.kuntsi.net\/viipyy\/\">kotisivut<\/a>. Facebook toimii hyv\u00e4n\u00e4 suunnittelualustana, mutta itse tapahtumista infoaminen hoidetaan kotisivujen kautta. N\u00e4in ollen facebook ei ole edelleenk\u00e4\u00e4n pakollinen varuste Viipyyn toiminnan seuraamisessa. Samoin syksyll\u00e4 aloitettu tiedotustoiminta <a href=\"http:\/\/vanha.viitasaarenseutu.fi\/\/\">Viitasaaren Seudun <\/a>nettisivuilla jatkuu v\u00e4hint\u00e4\u00e4nkin yht\u00e4 aktiivisena. <del>Tuttu avainsana &#8221;<a href=\"http:\/\/vanha.viitasaarenseutu.fi\/\/avainsana\/viipyy\/\">Viipyy<\/a>&#8221; johdattaa py\u00f6r\u00e4ily-yhteis\u00f6n juttuihin, kuviin ja bloggauksiin<\/del>\u00a0(Viitasaaren Seudun yhteis\u00f6sivut lakkautettiin 2015 ja jutut siirrettiin Viipyyn omille sivuille &#8211; Petri Kuntsi 10.8.2015).\u00a0Eik\u00e4 tietenk\u00e4\u00e4n unohdeta viime kev\u00e4\u00e4lt\u00e4 tuttuja ilmoitustaulumainoksia pitkin kyl\u00e4\u00e4 ja face-to-face-kamppanjointia.<\/p>\n<p>N\u00e4iden lis\u00e4ksi py\u00f6r\u00e4ilij\u00e4t suunnittelivat virallisen Viipyy t-paidan hankintaa, Markuksen vet\u00e4mi\u00e4 py\u00f6r\u00e4nhuoltokoulutuksia, toukokuun <a href=\"http:\/\/www.kunniakierros.fi\/\">Kunniakierroksen<\/a>\u00a0py\u00f6r\u00e4ilyosuutta, yhteisi\u00e4 lihaskuntotreenej\u00e4 ja muutamia tapahtumia (esim. Viitasaaren py\u00f6r\u00e4suunnistus) jotka j\u00e4tettiin hautumaan viel\u00e4 tulevia vuosia varten.<\/p>\n<div id=\"attachment_7749\" style=\"width: 810px\" class=\"wp-caption aligncenter\"><a href=\"http:\/\/www.kuntsi.net\/viipyy\/wp-content\/uploads\/2014\/02\/viipyypalaveri_2014_041.png\"><img loading=\"lazy\" decoding=\"async\" aria-describedby=\"caption-attachment-7749\" class=\"size-full wp-image-7749 \" src=\"http:\/\/www.kuntsi.net\/viipyy\/wp-content\/uploads\/2014\/02\/viipyypalaveri_2014_041.png\" alt=\"Markku ja Markus tutkimassa kartalta py\u00f6r\u00e4ilyreittej\u00e4\" width=\"800\" height=\"600\" \/><\/a><p id=\"caption-attachment-7749\" class=\"wp-caption-text\">Markku ja Markus tutkimassa kartalta py\u00f6r\u00e4ilyreittej\u00e4<\/p><\/div>\n<p>&nbsp;<\/p>\n","protected":false},"excerpt":{"rendered":"<p>Viitasaaren py\u00f6r\u00e4ily-yhteis\u00f6 kokoontui 10.2. seurakuntatalon Pikkusaliin pohtimaan py\u00f6r\u00e4ilyvuotta 2014. Ilmestyik\u00f6 palaverin lopputuloksena Viitasaaren yhdistyskartalle uusi urheiluseura puheenjohtajistoineen, rahastonhoitajineen ja sihteereineen? Ei ilmestynyt, vaan porukka uhkasi jatkaa tutulla vapaamuotoisella ja hyv\u00e4ksi havaitulla rennonletke\u00e4ll\u00e4 yhteis\u00f6llisyydell\u00e4. Se ei kuitenkaan est\u00e4nyt 10 viipyyl\u00e4isen tekem\u00e4st\u00e4 &hellip; <a href=\"https:\/\/www.kuntsi.net\/viipyy\/viipyyn-pyorailyvuosi-2014-2\/\">Lue loppuun <span class=\"meta-nav\">&rarr;<\/span><\/a><\/p>\n","protected":false},"author":1,"featured_media":15777,"comment_status":"open","ping_status":"open","sticky":false,"template":"","format":"standard","meta":{"footnotes":""},"categories":[59,60],"tags":[17,61,10,24,2,41,3],"class_list":["post-7705","post","type-post","status-publish","format-standard","has-post-thumbnail","hentry","category-jutut","category-uutiset","tag-kilometrikisa-2","tag-kokous","tag-porukkalenkit","tag-pyoraily","tag-talvikilometrikisa","tag-tapahtuma","tag-viipyy"],"_links":{"self":[{"href":"https:\/\/www.kuntsi.net\/viipyy\/wp-json\/wp\/v2\/posts\/7705","targetHints":{"allow":["GET"]}}],"collection":[{"href":"https:\/\/www.kuntsi.net\/viipyy\/wp-json\/wp\/v2\/posts"}],"about":[{"href":"https:\/\/www.kuntsi.net\/viipyy\/wp-json\/wp\/v2\/types\/post"}],"author":[{"embeddable":true,"href":"https:\/\/www.kuntsi.net\/viipyy\/wp-json\/wp\/v2\/users\/1"}],"replies":[{"embeddable":true,"href":"https:\/\/www.kuntsi.net\/viipyy\/wp-json\/wp\/v2\/comments?post=7705"}],"version-history":[{"count":4,"href":"https:\/\/www.kuntsi.net\/viipyy\/wp-json\/wp\/v2\/posts\/7705\/revisions"}],"predecessor-version":[{"id":15858,"href":"https:\/\/www.kuntsi.net\/viipyy\/wp-json\/wp\/v2\/posts\/7705\/revisions\/15858"}],"wp:featuredmedia":[{"embeddable":true,"href":"https:\/\/www.kuntsi.net\/viipyy\/wp-json\/wp\/v2\/media\/15777"}],"wp:attachment":[{"href":"https:\/\/www.kuntsi.net\/viipyy\/wp-json\/wp\/v2\/media?parent=7705"}],"wp:term":[{"taxonomy":"category","embeddable":true,"href":"https:\/\/www.kuntsi.net\/viipyy\/wp-json\/wp\/v2\/categories?post=7705"},{"taxonomy":"post_tag","embeddable":true,"href":"https:\/\/www.kuntsi.net\/viipyy\/wp-json\/wp\/v2\/tags?post=7705"}],"curies":[{"name":"wp","href":"https:\/\/api.w.org\/{rel}","templated":true}]}}