{"id":946,"date":"2013-09-23T11:29:26","date_gmt":"2013-09-23T09:29:26","guid":{"rendered":"http:\/\/www.kuntsi.net\/wordpress\/?p=946"},"modified":"2015-08-10T15:18:10","modified_gmt":"2015-08-10T12:18:10","slug":"kilpailukauden-paatoslenkki-kellankoski","status":"publish","type":"post","link":"https:\/\/www.kuntsi.net\/viipyy\/kilpailukauden-paatoslenkki-kellankoski\/","title":{"rendered":"&#8221;Kilpailukauden&#8221; p\u00e4\u00e4t\u00f6slenkki &#8211; Kellankoski"},"content":{"rendered":"<p>Sunnuntaina 22.9. klo 12.00 kokoontui 8+1 py\u00f6r\u00e4ilij\u00e4\u00e4 Viitasaaren torille tarkoituksena ajaa Kilometrikisakauden p\u00e4\u00e4t\u00f6slenkki <a href=\"http:\/\/kansalaisen.karttapaikka.fi\/linkki?scale=8000&amp;text=Kellankosken+kota&amp;srs=EPSG%3A3067&amp;y=7003442&amp;x=446241&amp;lang=fi\">Kellankosken<\/a> maisemiin. Sari toipilaana j\u00e4tti lenkin v\u00e4liin, joten kahdeksan py\u00f6r\u00e4\u00e4 suuntasi kohti nelostiet\u00e4.<\/p>\n<p><a href=\"http:\/\/www.kuntsi.net\/viipyy\/wp-content\/uploads\/2013\/09\/paatoslenkki_2013_011.png\"><img loading=\"lazy\" decoding=\"async\" class=\"aligncenter size-full wp-image-947\" src=\"http:\/\/www.kuntsi.net\/viipyy\/wp-content\/uploads\/2013\/09\/paatoslenkki_2013_011.png\" alt=\"paatoslenkki_2013_01\" width=\"600\" height=\"450\" \/><\/a><\/p>\n<p>Matka eteni joutuisaisti torilta Kellankoskelle syksyisess\u00e4, pilvipoutaisessa s\u00e4\u00e4ss\u00e4. Vauhti tuntui olevan juuri sopiva sill\u00e4 vapaarattainen sirin\u00e4n seasta kuului koko matkan tasainen keskustelun porina.<\/p>\n<p>Perill\u00e4 Kellankoskella oltiin hieman yhden j\u00e4lkeen ja siell\u00e4 olikin Ullan toimesta nuotio valmiina. Ennen kodalle siirtymist\u00e4 pakolliset turinat.<\/p>\n<p><a href=\"http:\/\/www.kuntsi.net\/viipyy\/wp-content\/uploads\/2013\/09\/paatoslenkki_2013_022.png\"><img loading=\"lazy\" decoding=\"async\" class=\"aligncenter size-full wp-image-950\" src=\"http:\/\/www.kuntsi.net\/viipyy\/wp-content\/uploads\/2013\/09\/paatoslenkki_2013_022.png\" alt=\"paatoslenkki_2013_02\" width=\"600\" height=\"450\" \/><\/a><\/p>\n<p>Ja upea paikka olikin p\u00e4\u00e4t\u00f6slenkin kohteeksi valikoitunut. Allekirjoittaneelle aivan k\u00e4ym\u00e4ton paikka, vaikka tuosta viereiselt\u00e4 Kellantielt\u00e4 olin muutaman kerran py\u00f6r\u00e4ll\u00e4 ajellut.<\/p>\n<p><a href=\"http:\/\/www.kuntsi.net\/viipyy\/wp-content\/uploads\/2013\/09\/paatoslenkki_2013_031.png\"><img loading=\"lazy\" decoding=\"async\" class=\"aligncenter size-full wp-image-951\" src=\"http:\/\/www.kuntsi.net\/viipyy\/wp-content\/uploads\/2013\/09\/paatoslenkki_2013_031.png\" alt=\"paatoslenkki_2013_03\" width=\"600\" height=\"450\" \/><\/a> <a href=\"http:\/\/www.kuntsi.net\/viipyy\/wp-content\/uploads\/2013\/09\/paatoslenkki_2013_041.png\"><img loading=\"lazy\" decoding=\"async\" class=\"aligncenter size-full wp-image-952\" src=\"http:\/\/www.kuntsi.net\/viipyy\/wp-content\/uploads\/2013\/09\/paatoslenkki_2013_041.png\" alt=\"paatoslenkki_2013_04\" width=\"600\" height=\"450\" \/><\/a> <a href=\"http:\/\/www.kuntsi.net\/viipyy\/wp-content\/uploads\/2013\/09\/paatoslenkki_2013_051.png\"><img loading=\"lazy\" decoding=\"async\" class=\"aligncenter size-full wp-image-953\" src=\"http:\/\/www.kuntsi.net\/viipyy\/wp-content\/uploads\/2013\/09\/paatoslenkki_2013_051.png\" alt=\"paatoslenkki_2013_05\" width=\"600\" height=\"450\" \/><\/a>Kisakausi oli siis p\u00e4\u00e4t\u00f6ksess\u00e4\u00e4n, joten tankkaus oli sen mukaista. Jossain vaiheessa ep\u00e4iltiin jo ett\u00e4 liekk\u00f6 t\u00e4\u00e4lt\u00e4 ev\u00e4iden j\u00e4lkeen jaksetaan pois ajaakkaan \ud83d\ude09 . Keskustelut py\u00f6riv\u00e4t ei-niin-yll\u00e4tt\u00e4en py\u00f6rien, py\u00f6r\u00e4lenkkien, varusteiden ja <a href=\"http:\/\/www.kilometrikisa.fi\/\">Kilometrikisan<\/a> ymp\u00e4rill\u00e4.<\/p>\n<p><a href=\"http:\/\/www.kuntsi.net\/viipyy\/wp-content\/uploads\/2013\/09\/paatoslenkki_2013_061.png\"><img loading=\"lazy\" decoding=\"async\" class=\"aligncenter size-full wp-image-954\" src=\"http:\/\/www.kuntsi.net\/viipyy\/wp-content\/uploads\/2013\/09\/paatoslenkki_2013_061.png\" alt=\"paatoslenkki_2013_06\" width=\"600\" height=\"450\" \/><\/a> <a href=\"http:\/\/www.kuntsi.net\/viipyy\/wp-content\/uploads\/2013\/09\/paatoslenkki_2013_071.png\"><img loading=\"lazy\" decoding=\"async\" class=\"aligncenter size-full wp-image-955\" src=\"http:\/\/www.kuntsi.net\/viipyy\/wp-content\/uploads\/2013\/09\/paatoslenkki_2013_071.png\" alt=\"paatoslenkki_2013_07\" width=\"600\" height=\"450\" \/><\/a> <a href=\"http:\/\/www.kuntsi.net\/viipyy\/wp-content\/uploads\/2013\/09\/paatoslenkki_2013_091.png\"><img loading=\"lazy\" decoding=\"async\" class=\"aligncenter size-full wp-image-956\" src=\"http:\/\/www.kuntsi.net\/viipyy\/wp-content\/uploads\/2013\/09\/paatoslenkki_2013_091.png\" alt=\"paatoslenkki_2013_09\" width=\"600\" height=\"450\" \/><\/a>Ja j\u00e4lkiruuaksi.. Ullan leipomaa mustikkapiirakkaa kera kahvikupillisen.<\/p>\n<p><a href=\"http:\/\/www.kuntsi.net\/viipyy\/wp-content\/uploads\/2013\/09\/paatoslenkki_2013_081.png\"><img loading=\"lazy\" decoding=\"async\" class=\"aligncenter size-full wp-image-957\" src=\"http:\/\/www.kuntsi.net\/viipyy\/wp-content\/uploads\/2013\/09\/paatoslenkki_2013_081.png\" alt=\"paatoslenkki_2013_08\" width=\"600\" height=\"468\" \/><\/a>Ja oli muuten hyv\u00e4\u00e4! Kiitokset Ullalle!<\/p>\n<p>Ev\u00e4skorit alkoivat olla tyhji\u00e4, mutta Markullapa oli viel\u00e4 vet\u00e4isem\u00e4tt\u00e4 \u00e4ss\u00e4 hihasta. Slovenian tuliaisina tuotua paikallista suklaata, joten.. noh.. josta ei tietenk\u00e4\u00e4n voinut kielt\u00e4yty\u00e4 :D.<\/p>\n<p>Paluumatka ajettiin koukkaisten Kellantiet\u00e4 pitkin Kym\u00f6nkoskelle. Tie oli hiekkap\u00e4\u00e4llysteest\u00e4 huolimatta eritt\u00e4in hyv\u00e4ss\u00e4 py\u00f6r\u00e4ilykunnossa. Miltei paremmassa kuin er\u00e4\u00e4t paikalliset asfalttitiet.<\/p>\n<p><a href=\"http:\/\/www.kuntsi.net\/viipyy\/wp-content\/uploads\/2013\/09\/paatoslenkki_2013_102.png\"><img loading=\"lazy\" decoding=\"async\" class=\"aligncenter size-full wp-image-958\" src=\"http:\/\/www.kuntsi.net\/viipyy\/wp-content\/uploads\/2013\/09\/paatoslenkki_2013_102.png\" alt=\"paatoslenkki_2013_10\" width=\"600\" height=\"450\" \/><\/a>Lenkin loppusuora h\u00e4\u00e4m\u00f6tt\u00e4\u00e4. Vesannontielt\u00e4 k\u00e4\u00e4nnyt\u00e4\u00e4n Keiteleentielle ja kohti nelostiet\u00e4 ja Viitasaarta.<\/p>\n<p><a href=\"http:\/\/www.kuntsi.net\/viipyy\/wp-content\/uploads\/2013\/09\/paatoslenkki_2013_111.png\"><img loading=\"lazy\" decoding=\"async\" class=\"aligncenter size-full wp-image-959\" src=\"http:\/\/www.kuntsi.net\/viipyy\/wp-content\/uploads\/2013\/09\/paatoslenkki_2013_111.png\" alt=\"paatoslenkki_2013_11\" width=\"600\" height=\"450\" \/><\/a>Tuon risteyksen j\u00e4lkeen tiputteli hieman vett\u00e4 ja taivaanrannassa n\u00e4kyi uhkaavia pilvi\u00e4. Nelostielle p\u00e4\u00e4sty\u00e4mme ihmeteltiin hetken ett\u00e4 n\u00e4ink\u00f6 t\u00e4st\u00e4 selvittiin kuivin jaloin, mutta ei sent\u00e4\u00e4n. P\u00e4\u00e4stiin viel\u00e4 kirkonkyl\u00e4n tuntumassa maistelemaan yli pyyhk\u00e4isseen sadekuuron viimeisi\u00e4 rippeit\u00e4 ja torilla kuuntelemaan ukkosen jyrin\u00e4\u00e4.<\/p>\n<p>Loppupalaverissa torilla todettiin ett\u00e4 kes\u00e4 oli py\u00f6r\u00e4ilyn suhteen enemm\u00e4n kuin onnistunut. Ja jossain muodossa viel\u00e4 t\u00e4llekkin syksylle porukkalenkki\u00e4 voitaisiin yritt\u00e4\u00e4. Hieno p\u00e4\u00e4t\u00f6s Kilometrikisalle!<\/p>\n","protected":false},"excerpt":{"rendered":"<p>Sunnuntaina 22.9. klo 12.00 kokoontui 8+1 py\u00f6r\u00e4ilij\u00e4\u00e4 Viitasaaren torille tarkoituksena ajaa Kilometrikisakauden p\u00e4\u00e4t\u00f6slenkki Kellankosken maisemiin. Sari toipilaana j\u00e4tti lenkin v\u00e4liin, joten kahdeksan py\u00f6r\u00e4\u00e4 suuntasi kohti nelostiet\u00e4. Matka eteni joutuisaisti torilta Kellankoskelle syksyisess\u00e4, pilvipoutaisessa s\u00e4\u00e4ss\u00e4. Vauhti tuntui olevan juuri sopiva sill\u00e4 &hellip; <a href=\"https:\/\/www.kuntsi.net\/viipyy\/kilpailukauden-paatoslenkki-kellankoski\/\">Lue loppuun <span class=\"meta-nav\">&rarr;<\/span><\/a><\/p>\n","protected":false},"author":1,"featured_media":15821,"comment_status":"open","ping_status":"open","sticky":false,"template":"","format":"standard","meta":{"footnotes":""},"categories":[59],"tags":[55,17,18,10,16,63],"class_list":["post-946","post","type-post","status-publish","format-standard","has-post-thumbnail","hentry","category-jutut","tag-kellankoski","tag-kilometrikisa-2","tag-paikat-2","tag-porukkalenkit","tag-syksy","tag-viipyy-team-viitasaari"],"_links":{"self":[{"href":"https:\/\/www.kuntsi.net\/viipyy\/wp-json\/wp\/v2\/posts\/946","targetHints":{"allow":["GET"]}}],"collection":[{"href":"https:\/\/www.kuntsi.net\/viipyy\/wp-json\/wp\/v2\/posts"}],"about":[{"href":"https:\/\/www.kuntsi.net\/viipyy\/wp-json\/wp\/v2\/types\/post"}],"author":[{"embeddable":true,"href":"https:\/\/www.kuntsi.net\/viipyy\/wp-json\/wp\/v2\/users\/1"}],"replies":[{"embeddable":true,"href":"https:\/\/www.kuntsi.net\/viipyy\/wp-json\/wp\/v2\/comments?post=946"}],"version-history":[{"count":3,"href":"https:\/\/www.kuntsi.net\/viipyy\/wp-json\/wp\/v2\/posts\/946\/revisions"}],"predecessor-version":[{"id":15823,"href":"https:\/\/www.kuntsi.net\/viipyy\/wp-json\/wp\/v2\/posts\/946\/revisions\/15823"}],"wp:featuredmedia":[{"embeddable":true,"href":"https:\/\/www.kuntsi.net\/viipyy\/wp-json\/wp\/v2\/media\/15821"}],"wp:attachment":[{"href":"https:\/\/www.kuntsi.net\/viipyy\/wp-json\/wp\/v2\/media?parent=946"}],"wp:term":[{"taxonomy":"category","embeddable":true,"href":"https:\/\/www.kuntsi.net\/viipyy\/wp-json\/wp\/v2\/categories?post=946"},{"taxonomy":"post_tag","embeddable":true,"href":"https:\/\/www.kuntsi.net\/viipyy\/wp-json\/wp\/v2\/tags?post=946"}],"curies":[{"name":"wp","href":"https:\/\/api.w.org\/{rel}","templated":true}]}}